{"id":14030,"date":"2025-08-29T10:20:11","date_gmt":"2025-08-29T13:20:11","guid":{"rendered":"https:\/\/yguacumaquinas.com.br\/?p=14030"},"modified":"2025-08-29T10:59:00","modified_gmt":"2025-08-29T13:59:00","slug":"oportunidade-unica-na-maquintex-yguacu-maquinas-com-condicoes-especiais-para-revolucao-da-estamparia-digital","status":"publish","type":"post","link":"https:\/\/yguacumaquinas.com.br\/es\/oportunidade-unica-na-maquintex-yguacu-maquinas-com-condicoes-especiais-para-revolucao-da-estamparia-digital\/","title":{"rendered":"Oportunidad \u00danica en Maquintex: Ygua\u00e7\u00fa M\u00e1quinas con Condiciones Especiales para la Revoluci\u00f3n de la Estamper\u00eda Digital"},"content":{"rendered":"<div data-elementor-type=\"wp-post\" data-elementor-id=\"14030\" class=\"elementor elementor-14030\" data-elementor-settings=\"{&quot;ha_cmc_init_switcher&quot;:&quot;no&quot;}\" data-elementor-post-type=\"post\">\n\t\t\t\t<div class=\"elementor-element elementor-element-256df34 e-flex e-con-boxed e-con e-parent\" data-id=\"256df34\" data-element_type=\"container\" data-settings=\"{&quot;_ha_eqh_enable&quot;:false}\">\n\t\t\t\t\t<div class=\"e-con-inner\">\n\t\t\t\t<div class=\"elementor-element elementor-element-539c51d elementor-hidden-mobile elementor-hidden-tablet jltma-glass-effect-no elementor-widget elementor-widget-image\" data-id=\"539c51d\" data-element_type=\"widget\" data-widget_type=\"image.default\">\n\t\t\t\t\t\t\t\t\t\t\t\t\t\t\t<img fetchpriority=\"high\" decoding=\"async\" width=\"1572\" height=\"550\" src=\"https:\/\/yguacumaquinas.com.br\/wp-content\/uploads\/2025\/08\/Destaque-Maquintex-2025-Ygyacu-Maquinas-e-Teros-Print-Desktop.webp\" class=\"attachment-full size-full wp-image-14034\" alt=\"\" srcset=\"https:\/\/yguacumaquinas.com.br\/wp-content\/uploads\/2025\/08\/Destaque-Maquintex-2025-Ygyacu-Maquinas-e-Teros-Print-Desktop.webp 1572w, https:\/\/yguacumaquinas.com.br\/wp-content\/uploads\/2025\/08\/Destaque-Maquintex-2025-Ygyacu-Maquinas-e-Teros-Print-Desktop-300x105.webp 300w, https:\/\/yguacumaquinas.com.br\/wp-content\/uploads\/2025\/08\/Destaque-Maquintex-2025-Ygyacu-Maquinas-e-Teros-Print-Desktop-1024x358.webp 1024w, https:\/\/yguacumaquinas.com.br\/wp-content\/uploads\/2025\/08\/Destaque-Maquintex-2025-Ygyacu-Maquinas-e-Teros-Print-Desktop-768x269.webp 768w, https:\/\/yguacumaquinas.com.br\/wp-content\/uploads\/2025\/08\/Destaque-Maquintex-2025-Ygyacu-Maquinas-e-Teros-Print-Desktop-1536x537.webp 1536w, https:\/\/yguacumaquinas.com.br\/wp-content\/uploads\/2025\/08\/Destaque-Maquintex-2025-Ygyacu-Maquinas-e-Teros-Print-Desktop-18x6.webp 18w, https:\/\/yguacumaquinas.com.br\/wp-content\/uploads\/2025\/08\/Destaque-Maquintex-2025-Ygyacu-Maquinas-e-Teros-Print-Desktop-600x210.webp 600w, https:\/\/yguacumaquinas.com.br\/wp-content\/uploads\/2025\/08\/Destaque-Maquintex-2025-Ygyacu-Maquinas-e-Teros-Print-Desktop-64x22.webp 64w\" sizes=\"(max-width: 1572px) 100vw, 1572px\" \/>\t\t\t\t\t\t\t\t\t\t\t\t\t\t\t<\/div>\n\t\t\t\t<div class=\"elementor-element elementor-element-dda73bf elementor-hidden-mobile elementor-hidden-desktop jltma-glass-effect-no elementor-widget elementor-widget-image\" data-id=\"dda73bf\" data-element_type=\"widget\" data-widget_type=\"image.default\">\n\t\t\t\t\t\t\t\t\t\t\t\t\t\t\t<img decoding=\"async\" width=\"1920\" height=\"1080\" src=\"https:\/\/yguacumaquinas.com.br\/wp-content\/uploads\/2025\/08\/Destaque-Maquintex-2025-Ygyacu-Maquinas-e-Teros-Print-Tablet.webp\" class=\"attachment-full size-full wp-image-14033\" alt=\"\" srcset=\"https:\/\/yguacumaquinas.com.br\/wp-content\/uploads\/2025\/08\/Destaque-Maquintex-2025-Ygyacu-Maquinas-e-Teros-Print-Tablet.webp 1920w, https:\/\/yguacumaquinas.com.br\/wp-content\/uploads\/2025\/08\/Destaque-Maquintex-2025-Ygyacu-Maquinas-e-Teros-Print-Tablet-300x169.webp 300w, https:\/\/yguacumaquinas.com.br\/wp-content\/uploads\/2025\/08\/Destaque-Maquintex-2025-Ygyacu-Maquinas-e-Teros-Print-Tablet-1024x576.webp 1024w, https:\/\/yguacumaquinas.com.br\/wp-content\/uploads\/2025\/08\/Destaque-Maquintex-2025-Ygyacu-Maquinas-e-Teros-Print-Tablet-768x432.webp 768w, https:\/\/yguacumaquinas.com.br\/wp-content\/uploads\/2025\/08\/Destaque-Maquintex-2025-Ygyacu-Maquinas-e-Teros-Print-Tablet-1536x864.webp 1536w, https:\/\/yguacumaquinas.com.br\/wp-content\/uploads\/2025\/08\/Destaque-Maquintex-2025-Ygyacu-Maquinas-e-Teros-Print-Tablet-18x10.webp 18w, https:\/\/yguacumaquinas.com.br\/wp-content\/uploads\/2025\/08\/Destaque-Maquintex-2025-Ygyacu-Maquinas-e-Teros-Print-Tablet-600x338.webp 600w, https:\/\/yguacumaquinas.com.br\/wp-content\/uploads\/2025\/08\/Destaque-Maquintex-2025-Ygyacu-Maquinas-e-Teros-Print-Tablet-64x36.webp 64w\" sizes=\"(max-width: 1920px) 100vw, 1920px\" \/>\t\t\t\t\t\t\t\t\t\t\t\t\t\t\t<\/div>\n\t\t\t\t<div class=\"elementor-element elementor-element-4cb2067 elementor-hidden-desktop elementor-hidden-tablet jltma-glass-effect-no elementor-widget elementor-widget-image\" data-id=\"4cb2067\" data-element_type=\"widget\" data-widget_type=\"image.default\">\n\t\t\t\t\t\t\t\t\t\t\t\t\t\t\t<img decoding=\"async\" width=\"1000\" height=\"1000\" src=\"https:\/\/yguacumaquinas.com.br\/wp-content\/uploads\/2025\/08\/Destaque-Maquintex-2025-Ygyacu-Maquinas-e-Teros-Print-Mobile.webp\" class=\"attachment-full size-full wp-image-14035\" alt=\"\" srcset=\"https:\/\/yguacumaquinas.com.br\/wp-content\/uploads\/2025\/08\/Destaque-Maquintex-2025-Ygyacu-Maquinas-e-Teros-Print-Mobile.webp 1000w, https:\/\/yguacumaquinas.com.br\/wp-content\/uploads\/2025\/08\/Destaque-Maquintex-2025-Ygyacu-Maquinas-e-Teros-Print-Mobile-300x300.webp 300w, https:\/\/yguacumaquinas.com.br\/wp-content\/uploads\/2025\/08\/Destaque-Maquintex-2025-Ygyacu-Maquinas-e-Teros-Print-Mobile-150x150.webp 150w, https:\/\/yguacumaquinas.com.br\/wp-content\/uploads\/2025\/08\/Destaque-Maquintex-2025-Ygyacu-Maquinas-e-Teros-Print-Mobile-768x768.webp 768w, https:\/\/yguacumaquinas.com.br\/wp-content\/uploads\/2025\/08\/Destaque-Maquintex-2025-Ygyacu-Maquinas-e-Teros-Print-Mobile-12x12.webp 12w, https:\/\/yguacumaquinas.com.br\/wp-content\/uploads\/2025\/08\/Destaque-Maquintex-2025-Ygyacu-Maquinas-e-Teros-Print-Mobile-600x600.webp 600w, https:\/\/yguacumaquinas.com.br\/wp-content\/uploads\/2025\/08\/Destaque-Maquintex-2025-Ygyacu-Maquinas-e-Teros-Print-Mobile-100x100.webp 100w, https:\/\/yguacumaquinas.com.br\/wp-content\/uploads\/2025\/08\/Destaque-Maquintex-2025-Ygyacu-Maquinas-e-Teros-Print-Mobile-64x64.webp 64w\" sizes=\"(max-width: 1000px) 100vw, 1000px\" \/>\t\t\t\t\t\t\t\t\t\t\t\t\t\t\t<\/div>\n\t\t\t\t<div class=\"elementor-element elementor-element-c48807b jltma-glass-effect-no elementor-widget elementor-widget-heading\" data-id=\"c48807b\" data-element_type=\"widget\" data-widget_type=\"heading.default\">\n\t\t\t\t\t<h1 class=\"elementor-heading-title elementor-size-default\">Oportunidad \u00danica en Maquintex: Ygua\u00e7\u00fa M\u00e1quinas con Condiciones Especiales para la Revoluci\u00f3n de la Estamper\u00eda Digital<\/h1>\t\t\t\t<\/div>\n\t\t\t\t\t<\/div>\n\t\t\t\t<\/div>\n\t\t<div class=\"elementor-element elementor-element-21d4114 e-flex e-con-boxed e-con e-parent\" data-id=\"21d4114\" data-element_type=\"container\" data-settings=\"{&quot;_ha_eqh_enable&quot;:false}\">\n\t\t\t\t\t<div class=\"e-con-inner\">\n\t\t<div class=\"elementor-element elementor-element-becd264 e-con-full e-flex e-con e-child\" data-id=\"becd264\" data-element_type=\"container\" data-settings=\"{&quot;_ha_eqh_enable&quot;:false}\">\n\t\t\t\t<div class=\"elementor-element elementor-element-c3e4363 elementor-hidden-desktop jltma-glass-effect-no elementor-widget elementor-widget-text-editor\" data-id=\"c3e4363\" data-element_type=\"widget\" data-widget_type=\"text-editor.default\">\n\t\t\t\t\t\t\t\t\t<p>\u00a1La cuenta regresiva ha comenzado! Faltando menos de un mes para <a href=\"https:\/\/maquintex.com.br\/a-feira\/\" target=\"_blank\" rel=\"noopener\">Maquintex 2025<\/a>, el mayor evento del sector textil del Norte y Nordeste, del <strong>23 al 25 de septiembre<\/strong>, en Fortaleza. La <a href=\"https:\/\/yguacumaquinas.com.br\/es\/\" target=\"_blank\" rel=\"noopener\">Ygua\u00e7\u00fa M\u00e1quinas<\/a> estar\u00e1 presente en el <strong>Stand G02<\/strong>, ubicado en la <strong>Calle G<\/strong>, donde ser\u00e1 el punto de encuentro para quienes buscan tecnolog\u00eda, alta productividad e innovaci\u00f3n.<\/p>\t\t\t\t\t\t\t\t<\/div>\n\t\t\t\t<div class=\"elementor-element elementor-element-a68910f elementor-hidden-desktop jltma-glass-effect-no elementor-widget elementor-widget-text-editor\" data-id=\"a68910f\" data-element_type=\"widget\" data-widget_type=\"text-editor.default\">\n\t\t\t\t\t\t\t\t\t<p>A <a href=\"https:\/\/maquintex.com.br\/a-feira\/\" target=\"_blank\" rel=\"noopener\">Maquintex<\/a> es el escenario ideal para celebrar la alianza entre <a href=\"https:\/\/yguacumaquinas.com.br\/es\/\" target=\"_blank\" rel=\"noopener\">Ygua\u00e7\u00fa M\u00e1quinas<\/a> y <a href=\"https:\/\/terosprint.com.br\/\" target=\"_blank\" rel=\"noopener\">Teros Print<\/a>. El presidente de <a href=\"https:\/\/yguacumaquinas.com.br\/es\/\">Ygua\u00e7\u00fa<\/a>, <a href=\"https:\/\/www.linkedin.com\/in\/leandroguass%C3%BA\/\">Leandro Guass\u00fa<\/a> destaca: <em>\"Esta colaboraci\u00f3n estrat\u00e9gica nos permite traer al mercado una soluci\u00f3n que no es solo innovadora, sino tambi\u00e9n alineada con las necesidades reales de nuestros clientes, generando resultados que se traducen en lucro y competitividad\".<\/em><\/p>\t\t\t\t\t\t\t\t<\/div>\n\t\t\t\t<div class=\"elementor-element elementor-element-3f340f6 jltma-glass-effect-no elementor-widget elementor-widget-image\" data-id=\"3f340f6\" data-element_type=\"widget\" data-widget_type=\"image.default\">\n\t\t\t\t\t\t\t\t\t\t\t\t\t\t\t<img loading=\"lazy\" decoding=\"async\" width=\"2000\" height=\"2000\" src=\"https:\/\/yguacumaquinas.com.br\/wp-content\/uploads\/2025\/08\/Estande-da-Yguacu-Maquinas-e-Teros-Print-na-Maquintex-2025.webp\" class=\"attachment-full size-full wp-image-14036\" alt=\"\" srcset=\"https:\/\/yguacumaquinas.com.br\/wp-content\/uploads\/2025\/08\/Estande-da-Yguacu-Maquinas-e-Teros-Print-na-Maquintex-2025.webp 2000w, https:\/\/yguacumaquinas.com.br\/wp-content\/uploads\/2025\/08\/Estande-da-Yguacu-Maquinas-e-Teros-Print-na-Maquintex-2025-300x300.webp 300w, https:\/\/yguacumaquinas.com.br\/wp-content\/uploads\/2025\/08\/Estande-da-Yguacu-Maquinas-e-Teros-Print-na-Maquintex-2025-1024x1024.webp 1024w, https:\/\/yguacumaquinas.com.br\/wp-content\/uploads\/2025\/08\/Estande-da-Yguacu-Maquinas-e-Teros-Print-na-Maquintex-2025-150x150.webp 150w, https:\/\/yguacumaquinas.com.br\/wp-content\/uploads\/2025\/08\/Estande-da-Yguacu-Maquinas-e-Teros-Print-na-Maquintex-2025-768x768.webp 768w, https:\/\/yguacumaquinas.com.br\/wp-content\/uploads\/2025\/08\/Estande-da-Yguacu-Maquinas-e-Teros-Print-na-Maquintex-2025-1536x1536.webp 1536w, https:\/\/yguacumaquinas.com.br\/wp-content\/uploads\/2025\/08\/Estande-da-Yguacu-Maquinas-e-Teros-Print-na-Maquintex-2025-12x12.webp 12w, https:\/\/yguacumaquinas.com.br\/wp-content\/uploads\/2025\/08\/Estande-da-Yguacu-Maquinas-e-Teros-Print-na-Maquintex-2025-600x600.webp 600w, https:\/\/yguacumaquinas.com.br\/wp-content\/uploads\/2025\/08\/Estande-da-Yguacu-Maquinas-e-Teros-Print-na-Maquintex-2025-100x100.webp 100w, https:\/\/yguacumaquinas.com.br\/wp-content\/uploads\/2025\/08\/Estande-da-Yguacu-Maquinas-e-Teros-Print-na-Maquintex-2025-64x64.webp 64w\" sizes=\"(max-width: 2000px) 100vw, 2000px\" \/>\t\t\t\t\t\t\t\t\t\t\t\t\t\t\t<\/div>\n\t\t\t\t<\/div>\n\t\t<div class=\"elementor-element elementor-element-0f9697d e-con-full e-flex e-con e-child\" data-id=\"0f9697d\" data-element_type=\"container\" data-settings=\"{&quot;_ha_eqh_enable&quot;:false}\">\n\t\t\t\t<div class=\"elementor-element elementor-element-34dd8b8 elementor-hidden-tablet elementor-hidden-mobile jltma-glass-effect-no elementor-widget elementor-widget-text-editor\" data-id=\"34dd8b8\" data-element_type=\"widget\" data-widget_type=\"text-editor.default\">\n\t\t\t\t\t\t\t\t\t<p>\u00a1La cuenta regresiva ha comenzado! Faltando menos de un mes para <a href=\"https:\/\/maquintex.com.br\/a-feira\/\" target=\"_blank\" rel=\"noopener\">Maquintex 2025<\/a>, el mayor evento del sector textil del Norte y Nordeste, del <strong>23 al 25 de septiembre<\/strong>, en Fortaleza. La <a href=\"https:\/\/yguacumaquinas.com.br\/es\/\" target=\"_blank\" rel=\"noopener\">Ygua\u00e7\u00fa M\u00e1quinas<\/a> estar\u00e1 presente en el <strong>Stand G02<\/strong>, ubicado en la <strong>Calle G<\/strong>, donde ser\u00e1 el punto de encuentro para quienes buscan tecnolog\u00eda, alta productividad e innovaci\u00f3n.<\/p>\t\t\t\t\t\t\t\t<\/div>\n\t\t\t\t<div class=\"elementor-element elementor-element-36b1999 elementor-hidden-tablet elementor-hidden-mobile jltma-glass-effect-no elementor-widget elementor-widget-text-editor\" data-id=\"36b1999\" data-element_type=\"widget\" data-widget_type=\"text-editor.default\">\n\t\t\t\t\t\t\t\t\t<p>A <a href=\"https:\/\/maquintex.com.br\/a-feira\/\" target=\"_blank\" rel=\"noopener\">Maquintex<\/a> es el escenario ideal para celebrar la alianza entre <a href=\"https:\/\/yguacumaquinas.com.br\/es\/\" target=\"_blank\" rel=\"noopener\">Ygua\u00e7\u00fa M\u00e1quinas<\/a> y <a href=\"https:\/\/terosprint.com.br\/\" target=\"_blank\" rel=\"noopener\">Teros Print<\/a>. El presidente de <a href=\"https:\/\/yguacumaquinas.com.br\/es\/\">Ygua\u00e7\u00fa<\/a>, <a href=\"https:\/\/www.linkedin.com\/in\/leandroguass%C3%BA\/\">Leandro Guass\u00fa<\/a> destaca: <em>\"Esta colaboraci\u00f3n estrat\u00e9gica nos permite traer al mercado una soluci\u00f3n que no es solo innovadora, sino tambi\u00e9n alineada con las necesidades reales de nuestros clientes, generando resultados que se traducen en lucro y competitividad\".<\/em><\/p>\t\t\t\t\t\t\t\t<\/div>\n\t\t\t\t<div class=\"elementor-element elementor-element-7df82e9 jltma-glass-effect-no elementor-widget elementor-widget-text-editor\" data-id=\"7df82e9\" data-element_type=\"widget\" data-widget_type=\"text-editor.default\">\n\t\t\t\t\t\t\t\t\t<p>En un mercado cada vez m\u00e1s exigente, donde la personalizaci\u00f3n, la agilidad y la eficiencia son cruciales, la combinaci\u00f3n de las m\u00e1quinas de <a href=\"https:\/\/yguacumaquinas.com.br\/es\/\" target=\"_blank\" rel=\"noopener\">Ygua\u00e7\u00fa<\/a> con la tecnolog\u00eda <a href=\"https:\/\/terosprint.com.br\/\" target=\"_blank\" rel=\"noopener\">Teros Print<\/a> eleva la estamper\u00eda digital a un nuevo nivel. Esta sinergia ofrece una versatilidad sin precedentes, permitiendo alcanzar una calidad de impresi\u00f3n digital excepcional, con colores vibrantes y detalles precisos, al mismo tiempo que garantiza la alta productividad necesaria para grandes vol\u00famenes de producci\u00f3n. Para <a href=\"https:\/\/www.linkedin.com\/in\/rafael-mueller-18454322a\/\" target=\"_blank\" rel=\"noopener\">Rafael Mueller<\/a>Director de <a href=\"https:\/\/yguacumaquinas.com.br\/es\/\" target=\"_blank\" rel=\"noopener\">Ygua\u00e7\u00fa<\/a>, el retorno de los clientes es la mayor motivaci\u00f3n: \"Nuestros clientes producen productos que se venden y generan recompra. Es este feedback el que nos motiva a continuar produciendo con la m\u00e1s alta calidad.\"<\/p>\t\t\t\t\t\t\t\t<\/div>\n\t\t\t\t<\/div>\n\t\t\t\t\t<\/div>\n\t\t\t\t<\/div>\n\t\t<div class=\"elementor-element elementor-element-9d0be6e e-flex e-con-boxed e-con e-parent\" data-id=\"9d0be6e\" data-element_type=\"container\" data-settings=\"{&quot;_ha_eqh_enable&quot;:false}\">\n\t\t\t\t\t<div class=\"e-con-inner\">\n\t\t<div class=\"elementor-element elementor-element-0ece9c1 e-con-full e-flex e-con e-child\" data-id=\"0ece9c1\" data-element_type=\"container\" data-settings=\"{&quot;_ha_eqh_enable&quot;:false}\">\n\t\t\t\t<div class=\"elementor-element elementor-element-2da9ac4 jltma-glass-effect-no elementor-widget elementor-widget-image\" data-id=\"2da9ac4\" data-element_type=\"widget\" data-widget_type=\"image.default\">\n\t\t\t\t\t\t\t\t\t\t\t\t\t\t\t<img loading=\"lazy\" decoding=\"async\" width=\"1920\" height=\"600\" src=\"https:\/\/yguacumaquinas.com.br\/wp-content\/uploads\/2025\/08\/Parceria-Maquintex-2025-Ygyacu-Maquinas-e-Teros-Print-Mobile-1.webp\" class=\"attachment-full size-full wp-image-14037\" alt=\"\" srcset=\"https:\/\/yguacumaquinas.com.br\/wp-content\/uploads\/2025\/08\/Parceria-Maquintex-2025-Ygyacu-Maquinas-e-Teros-Print-Mobile-1.webp 1920w, https:\/\/yguacumaquinas.com.br\/wp-content\/uploads\/2025\/08\/Parceria-Maquintex-2025-Ygyacu-Maquinas-e-Teros-Print-Mobile-1-300x94.webp 300w, https:\/\/yguacumaquinas.com.br\/wp-content\/uploads\/2025\/08\/Parceria-Maquintex-2025-Ygyacu-Maquinas-e-Teros-Print-Mobile-1-1024x320.webp 1024w, https:\/\/yguacumaquinas.com.br\/wp-content\/uploads\/2025\/08\/Parceria-Maquintex-2025-Ygyacu-Maquinas-e-Teros-Print-Mobile-1-768x240.webp 768w, https:\/\/yguacumaquinas.com.br\/wp-content\/uploads\/2025\/08\/Parceria-Maquintex-2025-Ygyacu-Maquinas-e-Teros-Print-Mobile-1-1536x480.webp 1536w, https:\/\/yguacumaquinas.com.br\/wp-content\/uploads\/2025\/08\/Parceria-Maquintex-2025-Ygyacu-Maquinas-e-Teros-Print-Mobile-1-18x6.webp 18w, https:\/\/yguacumaquinas.com.br\/wp-content\/uploads\/2025\/08\/Parceria-Maquintex-2025-Ygyacu-Maquinas-e-Teros-Print-Mobile-1-600x188.webp 600w, https:\/\/yguacumaquinas.com.br\/wp-content\/uploads\/2025\/08\/Parceria-Maquintex-2025-Ygyacu-Maquinas-e-Teros-Print-Mobile-1-64x20.webp 64w\" sizes=\"(max-width: 1920px) 100vw, 1920px\" \/>\t\t\t\t\t\t\t\t\t\t\t\t\t\t\t<\/div>\n\t\t\t\t<div class=\"elementor-element elementor-element-94c0dee jltma-glass-effect-no elementor-widget elementor-widget-text-editor\" data-id=\"94c0dee\" data-element_type=\"widget\" data-widget_type=\"text-editor.default\">\n\t\t\t\t\t\t\t\t\tLa misi\u00f3n de <a href=\"https:\/\/yguacumaquinas.com.br\/es\/\" target=\"_blank\" rel=\"noopener\">Ygua\u00e7\u00fa M\u00e1quinas<\/a> es ser un socio de negocios, no solo un proveedor. La empresa entiende que la adquisici\u00f3n de un nuevo equipo es una inversi\u00f3n estrat\u00e9gica, y es por eso que la estamper\u00eda digital formada por la combinaci\u00f3n de las m\u00e1quinas de <a href=\"https:\/\/yguacumaquinas.com.br\/es\/\" target=\"_blank\" rel=\"noopener\">Ygua\u00e7\u00fa<\/a> y <a href=\"https:\/\/terosprint.com.br\/\" target=\"_blank\" rel=\"noopener\">Teros Print<\/a> entregan resultados reales. Adem\u00e1s de la calidad y el alto rendimiento, la tecnolog\u00eda de punta se destaca por la significativa reducci\u00f3n de insumos y tiempo de producci\u00f3n. En este contexto, la sostenibilidad es cada vez m\u00e1s valorada, donde la optimizaci\u00f3n de recursos, la reducci\u00f3n de desperdicios y residuos, se convierte en una ventaja competitiva. \t\t\t\t\t\t\t\t<\/div>\n\t\t\t\t<div class=\"elementor-element elementor-element-f40b5a0 jltma-glass-effect-no elementor-widget elementor-widget-text-editor\" data-id=\"f40b5a0\" data-element_type=\"widget\" data-widget_type=\"text-editor.default\">\n\t\t\t\t\t\t\t\t\tEn el stand de <a href=\"https:\/\/yguacumaquinas.com.br\/es\/\" target=\"_blank\" rel=\"noopener\">Ygua\u00e7\u00fa M\u00e1quinas<\/a> , adem\u00e1s de equipos de \u00faltima generaci\u00f3n, los visitantes encontrar\u00e1n condiciones especiales de pago inmejorables, para que el empresario, a trav\u00e9s de una excelente propuesta al contado o financiada, pueda realizar su sue\u00f1o. \t\t\t\t\t\t\t\t<\/div>\n\t\t\t\t<div class=\"elementor-element elementor-element-9a90f45 jltma-glass-effect-no elementor-widget elementor-widget-text-editor\" data-id=\"9a90f45\" data-element_type=\"widget\" data-widget_type=\"text-editor.default\">\n\t\t\t\t\t\t\t\t\tUn equipo de especialistas altamente capacitados estar\u00e1 listo para demostrar los equipos, aclarar dudas y presentar las infinitas posibilidades que las empresas socias l\u00edderes en el mercado, <a href=\"https:\/\/yguacumaquinas.com.br\/es\/\" target=\"_blank\" rel=\"noopener\">Ygua\u00e7\u00fa M\u00e1quinas<\/a> y <a href=\"https:\/\/terosprint.com.br\/\" target=\"_blank\" rel=\"noopener\">Teros Print<\/a>, ofrecen para tu negocio. \t\t\t\t\t\t\t\t<\/div>\n\t\t\t\t<div class=\"elementor-element elementor-element-3d2ab0e jltma-glass-effect-no elementor-widget elementor-widget-text-editor\" data-id=\"3d2ab0e\" data-element_type=\"widget\" data-widget_type=\"text-editor.default\">\n\t\t\t\t\t\t\t\t\tSi necesitas un servicio personalizado, solo agenda una videollamada para ver los equipos funcionando o programa una cita presencial.Tentar novamente \t\t\t\t\t\t\t\t<\/div>\n\t\t\t\t<div class=\"elementor-element elementor-element-e75a761 jltma-glass-effect-no elementor-widget elementor-widget-text-editor\" data-id=\"e75a761\" data-element_type=\"widget\" data-widget_type=\"text-editor.default\">\n\t\t\t\t\t\t\t\t\tMarca en tu agenda: del 23 al 25 de septiembre, <a href=\"https:\/\/yguacumaquinas.com.br\/es\/\" target=\"_blank\" rel=\"noopener\">Maquintex 2025<\/a>. Haz una visita al stand de <a href=\"https:\/\/yguacumaquinas.com.br\/es\/\" target=\"_blank\" rel=\"noopener\">Ygua\u00e7\u00fa M\u00e1quinas<\/a> y sorpr\u00e9ndete con soluciones que transformar\u00e1n tu producci\u00f3n.\t\t\t\t\t\t\t\t<\/div>\n\t\t\t\t<\/div>\n\t\t\t\t\t<\/div>\n\t\t\t\t<\/div>\n\t\t\t\t<\/div>","protected":false},"excerpt":{"rendered":"<p>Oportunidade \u00danica na Maquintex: Ygua\u00e7\u00fa M\u00e1quinas com Condi\u00e7\u00f5es Especiais para Revolu\u00e7\u00e3o da Estamparia Digital A contagem regressiva come\u00e7ou! Faltando menos de um m\u00eas para a Maquintex 2025, o maior evento do setor t\u00eaxtil do Norte e Nordeste, de 23 a 25 de setembro, em Fortaleza. A Ygua\u00e7\u00fa M\u00e1quinas estar\u00e1 presente no estande Estande G02, localizado [&hellip;]<\/p>","protected":false},"author":6,"featured_media":14033,"comment_status":"closed","ping_status":"open","sticky":false,"template":"","format":"standard","meta":{"footnotes":""},"categories":[118],"tags":[],"class_list":["post-14030","post","type-post","status-publish","format-standard","has-post-thumbnail","hentry","category-eventos"],"yoast_head":"<!-- This site is optimized with the Yoast SEO plugin v26.5 - https:\/\/yoast.com\/wordpress\/plugins\/seo\/ -->\n<title>Oportunidade \u00danica na Maquintex: Ygua\u00e7\u00fa M\u00e1quinas com Condi\u00e7\u00f5es Especiais para Revolu\u00e7\u00e3o da Estamparia Digital - Ygua\u00e7u M\u00e1quinas<\/title>\n<meta name=\"robots\" content=\"index, follow, max-snippet:-1, max-image-preview:large, max-video-preview:-1\" \/>\n<link rel=\"canonical\" href=\"https:\/\/yguacumaquinas.com.br\/es\/oportunidade-unica-na-maquintex-yguacu-maquinas-com-condicoes-especiais-para-revolucao-da-estamparia-digital\/\" \/>\n<meta property=\"og:locale\" content=\"es_ES\" \/>\n<meta property=\"og:type\" content=\"article\" \/>\n<meta property=\"og:title\" content=\"Oportunidade \u00danica na Maquintex: Ygua\u00e7\u00fa M\u00e1quinas com Condi\u00e7\u00f5es Especiais para Revolu\u00e7\u00e3o da Estamparia Digital - Ygua\u00e7u M\u00e1quinas\" \/>\n<meta property=\"og:description\" content=\"Oportunidade \u00danica na Maquintex: Ygua\u00e7\u00fa M\u00e1quinas com Condi\u00e7\u00f5es Especiais para Revolu\u00e7\u00e3o da Estamparia Digital A contagem regressiva come\u00e7ou! Faltando menos de um m\u00eas para a Maquintex 2025, o maior evento do setor t\u00eaxtil do Norte e Nordeste, de 23 a 25 de setembro, em Fortaleza. A Ygua\u00e7\u00fa M\u00e1quinas estar\u00e1 presente no estande Estande G02, localizado [&hellip;]\" \/>\n<meta property=\"og:url\" content=\"https:\/\/yguacumaquinas.com.br\/es\/oportunidade-unica-na-maquintex-yguacu-maquinas-com-condicoes-especiais-para-revolucao-da-estamparia-digital\/\" \/>\n<meta property=\"og:site_name\" content=\"Ygua\u00e7u M\u00e1quinas\" \/>\n<meta property=\"article:publisher\" content=\"https:\/\/www.facebook.com\/Yguacu\" \/>\n<meta property=\"article:published_time\" content=\"2025-08-29T13:20:11+00:00\" \/>\n<meta property=\"article:modified_time\" content=\"2025-08-29T13:59:00+00:00\" \/>\n<meta property=\"og:image\" content=\"https:\/\/yguacumaquinas.com.br\/wp-content\/uploads\/2025\/08\/Destaque-Maquintex-2025-Ygyacu-Maquinas-e-Teros-Print-Tablet.webp\" \/>\n\t<meta property=\"og:image:width\" content=\"1920\" \/>\n\t<meta property=\"og:image:height\" content=\"1080\" \/>\n\t<meta property=\"og:image:type\" content=\"image\/webp\" \/>\n<meta name=\"author\" content=\"Paulo Mello\" \/>\n<meta name=\"twitter:card\" content=\"summary_large_image\" \/>\n<meta name=\"twitter:label1\" content=\"Escrito por\" \/>\n\t<meta name=\"twitter:data1\" content=\"Paulo Mello\" \/>\n\t<meta name=\"twitter:label2\" content=\"Tiempo de lectura\" \/>\n\t<meta name=\"twitter:data2\" content=\"4 minutos\" \/>\n<script type=\"application\/ld+json\" class=\"yoast-schema-graph\">{\"@context\":\"https:\/\/schema.org\",\"@graph\":[{\"@type\":\"Article\",\"@id\":\"https:\/\/yguacumaquinas.com.br\/oportunidade-unica-na-maquintex-yguacu-maquinas-com-condicoes-especiais-para-revolucao-da-estamparia-digital\/#article\",\"isPartOf\":{\"@id\":\"https:\/\/yguacumaquinas.com.br\/oportunidade-unica-na-maquintex-yguacu-maquinas-com-condicoes-especiais-para-revolucao-da-estamparia-digital\/\"},\"author\":{\"name\":\"Paulo Mello\",\"@id\":\"https:\/\/yguacumaquinas.com.br\/#\/schema\/person\/6dde9e58ad22b31dbbce021eed789613\"},\"headline\":\"Oportunidade \u00danica na Maquintex: Ygua\u00e7\u00fa M\u00e1quinas com Condi\u00e7\u00f5es Especiais para Revolu\u00e7\u00e3o da Estamparia Digital\",\"datePublished\":\"2025-08-29T13:20:11+00:00\",\"dateModified\":\"2025-08-29T13:59:00+00:00\",\"mainEntityOfPage\":{\"@id\":\"https:\/\/yguacumaquinas.com.br\/oportunidade-unica-na-maquintex-yguacu-maquinas-com-condicoes-especiais-para-revolucao-da-estamparia-digital\/\"},\"wordCount\":644,\"publisher\":{\"@id\":\"https:\/\/yguacumaquinas.com.br\/#organization\"},\"image\":{\"@id\":\"https:\/\/yguacumaquinas.com.br\/oportunidade-unica-na-maquintex-yguacu-maquinas-com-condicoes-especiais-para-revolucao-da-estamparia-digital\/#primaryimage\"},\"thumbnailUrl\":\"https:\/\/yguacumaquinas.com.br\/wp-content\/uploads\/2025\/08\/Destaque-Maquintex-2025-Ygyacu-Maquinas-e-Teros-Print-Tablet.webp\",\"articleSection\":[\"eventos\"],\"inLanguage\":\"es\"},{\"@type\":\"WebPage\",\"@id\":\"https:\/\/yguacumaquinas.com.br\/oportunidade-unica-na-maquintex-yguacu-maquinas-com-condicoes-especiais-para-revolucao-da-estamparia-digital\/\",\"url\":\"https:\/\/yguacumaquinas.com.br\/oportunidade-unica-na-maquintex-yguacu-maquinas-com-condicoes-especiais-para-revolucao-da-estamparia-digital\/\",\"name\":\"Oportunidade \u00danica na Maquintex: Ygua\u00e7\u00fa M\u00e1quinas com Condi\u00e7\u00f5es Especiais para Revolu\u00e7\u00e3o da Estamparia Digital - Ygua\u00e7u M\u00e1quinas\",\"isPartOf\":{\"@id\":\"https:\/\/yguacumaquinas.com.br\/#website\"},\"primaryImageOfPage\":{\"@id\":\"https:\/\/yguacumaquinas.com.br\/oportunidade-unica-na-maquintex-yguacu-maquinas-com-condicoes-especiais-para-revolucao-da-estamparia-digital\/#primaryimage\"},\"image\":{\"@id\":\"https:\/\/yguacumaquinas.com.br\/oportunidade-unica-na-maquintex-yguacu-maquinas-com-condicoes-especiais-para-revolucao-da-estamparia-digital\/#primaryimage\"},\"thumbnailUrl\":\"https:\/\/yguacumaquinas.com.br\/wp-content\/uploads\/2025\/08\/Destaque-Maquintex-2025-Ygyacu-Maquinas-e-Teros-Print-Tablet.webp\",\"datePublished\":\"2025-08-29T13:20:11+00:00\",\"dateModified\":\"2025-08-29T13:59:00+00:00\",\"breadcrumb\":{\"@id\":\"https:\/\/yguacumaquinas.com.br\/oportunidade-unica-na-maquintex-yguacu-maquinas-com-condicoes-especiais-para-revolucao-da-estamparia-digital\/#breadcrumb\"},\"inLanguage\":\"es\",\"potentialAction\":[{\"@type\":\"ReadAction\",\"target\":[\"https:\/\/yguacumaquinas.com.br\/oportunidade-unica-na-maquintex-yguacu-maquinas-com-condicoes-especiais-para-revolucao-da-estamparia-digital\/\"]}]},{\"@type\":\"ImageObject\",\"inLanguage\":\"es\",\"@id\":\"https:\/\/yguacumaquinas.com.br\/oportunidade-unica-na-maquintex-yguacu-maquinas-com-condicoes-especiais-para-revolucao-da-estamparia-digital\/#primaryimage\",\"url\":\"https:\/\/yguacumaquinas.com.br\/wp-content\/uploads\/2025\/08\/Destaque-Maquintex-2025-Ygyacu-Maquinas-e-Teros-Print-Tablet.webp\",\"contentUrl\":\"https:\/\/yguacumaquinas.com.br\/wp-content\/uploads\/2025\/08\/Destaque-Maquintex-2025-Ygyacu-Maquinas-e-Teros-Print-Tablet.webp\",\"width\":1920,\"height\":1080},{\"@type\":\"BreadcrumbList\",\"@id\":\"https:\/\/yguacumaquinas.com.br\/oportunidade-unica-na-maquintex-yguacu-maquinas-com-condicoes-especiais-para-revolucao-da-estamparia-digital\/#breadcrumb\",\"itemListElement\":[{\"@type\":\"ListItem\",\"position\":1,\"name\":\"In\u00edcio\",\"item\":\"https:\/\/yguacumaquinas.com.br\/\"},{\"@type\":\"ListItem\",\"position\":2,\"name\":\"Oportunidade \u00danica na Maquintex: Ygua\u00e7\u00fa M\u00e1quinas com Condi\u00e7\u00f5es Especiais para Revolu\u00e7\u00e3o da Estamparia Digital\"}]},{\"@type\":\"WebSite\",\"@id\":\"https:\/\/yguacumaquinas.com.br\/#website\",\"url\":\"https:\/\/yguacumaquinas.com.br\/\",\"name\":\"Ygua\u00e7u M\u00e1quinas\",\"description\":\"Ygua\u00e7u M\u00e1quinas - Inova\u00e7\u00e3o e Qualidade em Equipamentos para Serigrafia e Impress\u00e3o. Com mais de 30 anos de experi\u00eancia, oferecemos prensas pneum\u00e1ticas, t\u00e9rmicas, secadores de tinta e mesas de impress\u00e3o de alta performance, garantindo efici\u00eancia e durabilidade para suas produ\u00e7\u00f5es.\",\"publisher\":{\"@id\":\"https:\/\/yguacumaquinas.com.br\/#organization\"},\"potentialAction\":[{\"@type\":\"SearchAction\",\"target\":{\"@type\":\"EntryPoint\",\"urlTemplate\":\"https:\/\/yguacumaquinas.com.br\/?s={search_term_string}\"},\"query-input\":{\"@type\":\"PropertyValueSpecification\",\"valueRequired\":true,\"valueName\":\"search_term_string\"}}],\"inLanguage\":\"es\"},{\"@type\":\"Organization\",\"@id\":\"https:\/\/yguacumaquinas.com.br\/#organization\",\"name\":\"Ygua\u00e7u M\u00e1quinas\",\"alternateName\":\"https:\/\/yguacumaquinas.com.br\/todos-produtos\/\",\"url\":\"https:\/\/yguacumaquinas.com.br\/\",\"logo\":{\"@type\":\"ImageObject\",\"inLanguage\":\"es\",\"@id\":\"https:\/\/yguacumaquinas.com.br\/#\/schema\/logo\/image\/\",\"url\":\"https:\/\/yguacumaquinas.com.br\/wp-content\/uploads\/2024\/05\/Logo-Yguacu-site.webp\",\"contentUrl\":\"https:\/\/yguacumaquinas.com.br\/wp-content\/uploads\/2024\/05\/Logo-Yguacu-site.webp\",\"width\":208,\"height\":102,\"caption\":\"Ygua\u00e7u M\u00e1quinas\"},\"image\":{\"@id\":\"https:\/\/yguacumaquinas.com.br\/#\/schema\/logo\/image\/\"},\"sameAs\":[\"https:\/\/www.facebook.com\/Yguacu\"]},{\"@type\":\"Person\",\"@id\":\"https:\/\/yguacumaquinas.com.br\/#\/schema\/person\/6dde9e58ad22b31dbbce021eed789613\",\"name\":\"Paulo Mello\",\"image\":{\"@type\":\"ImageObject\",\"inLanguage\":\"es\",\"@id\":\"https:\/\/yguacumaquinas.com.br\/#\/schema\/person\/image\/\",\"url\":\"https:\/\/yguacumaquinas.com.br\/wp-content\/litespeed\/avatar\/f8f3f7d4fbeacde3f8f0b4e569e67558.jpg?ver=1777297233\",\"contentUrl\":\"https:\/\/yguacumaquinas.com.br\/wp-content\/litespeed\/avatar\/f8f3f7d4fbeacde3f8f0b4e569e67558.jpg?ver=1777297233\",\"caption\":\"Paulo Mello\"},\"url\":\"https:\/\/yguacumaquinas.com.br\/es\/author\/paulo-mello\/\"}]}<\/script>\n<!-- \/ Yoast SEO plugin. -->","yoast_head_json":{"title":"Oportunidade \u00danica na Maquintex: Ygua\u00e7\u00fa M\u00e1quinas com Condi\u00e7\u00f5es Especiais para Revolu\u00e7\u00e3o da Estamparia Digital - Ygua\u00e7u M\u00e1quinas","robots":{"index":"index","follow":"follow","max-snippet":"max-snippet:-1","max-image-preview":"max-image-preview:large","max-video-preview":"max-video-preview:-1"},"canonical":"https:\/\/yguacumaquinas.com.br\/es\/oportunidade-unica-na-maquintex-yguacu-maquinas-com-condicoes-especiais-para-revolucao-da-estamparia-digital\/","og_locale":"es_ES","og_type":"article","og_title":"Oportunidade \u00danica na Maquintex: Ygua\u00e7\u00fa M\u00e1quinas com Condi\u00e7\u00f5es Especiais para Revolu\u00e7\u00e3o da Estamparia Digital - Ygua\u00e7u M\u00e1quinas","og_description":"Oportunidade \u00danica na Maquintex: Ygua\u00e7\u00fa M\u00e1quinas com Condi\u00e7\u00f5es Especiais para Revolu\u00e7\u00e3o da Estamparia Digital A contagem regressiva come\u00e7ou! Faltando menos de um m\u00eas para a Maquintex 2025, o maior evento do setor t\u00eaxtil do Norte e Nordeste, de 23 a 25 de setembro, em Fortaleza. A Ygua\u00e7\u00fa M\u00e1quinas estar\u00e1 presente no estande Estande G02, localizado [&hellip;]","og_url":"https:\/\/yguacumaquinas.com.br\/es\/oportunidade-unica-na-maquintex-yguacu-maquinas-com-condicoes-especiais-para-revolucao-da-estamparia-digital\/","og_site_name":"Ygua\u00e7u M\u00e1quinas","article_publisher":"https:\/\/www.facebook.com\/Yguacu","article_published_time":"2025-08-29T13:20:11+00:00","article_modified_time":"2025-08-29T13:59:00+00:00","og_image":[{"width":1920,"height":1080,"url":"https:\/\/yguacumaquinas.com.br\/wp-content\/uploads\/2025\/08\/Destaque-Maquintex-2025-Ygyacu-Maquinas-e-Teros-Print-Tablet.webp","type":"image\/webp"}],"author":"Paulo Mello","twitter_card":"summary_large_image","twitter_misc":{"Escrito por":"Paulo Mello","Tiempo de lectura":"4 minutos"},"schema":{"@context":"https:\/\/schema.org","@graph":[{"@type":"Article","@id":"https:\/\/yguacumaquinas.com.br\/oportunidade-unica-na-maquintex-yguacu-maquinas-com-condicoes-especiais-para-revolucao-da-estamparia-digital\/#article","isPartOf":{"@id":"https:\/\/yguacumaquinas.com.br\/oportunidade-unica-na-maquintex-yguacu-maquinas-com-condicoes-especiais-para-revolucao-da-estamparia-digital\/"},"author":{"name":"Paulo Mello","@id":"https:\/\/yguacumaquinas.com.br\/#\/schema\/person\/6dde9e58ad22b31dbbce021eed789613"},"headline":"Oportunidade \u00danica na Maquintex: Ygua\u00e7\u00fa M\u00e1quinas com Condi\u00e7\u00f5es Especiais para Revolu\u00e7\u00e3o da Estamparia Digital","datePublished":"2025-08-29T13:20:11+00:00","dateModified":"2025-08-29T13:59:00+00:00","mainEntityOfPage":{"@id":"https:\/\/yguacumaquinas.com.br\/oportunidade-unica-na-maquintex-yguacu-maquinas-com-condicoes-especiais-para-revolucao-da-estamparia-digital\/"},"wordCount":644,"publisher":{"@id":"https:\/\/yguacumaquinas.com.br\/#organization"},"image":{"@id":"https:\/\/yguacumaquinas.com.br\/oportunidade-unica-na-maquintex-yguacu-maquinas-com-condicoes-especiais-para-revolucao-da-estamparia-digital\/#primaryimage"},"thumbnailUrl":"https:\/\/yguacumaquinas.com.br\/wp-content\/uploads\/2025\/08\/Destaque-Maquintex-2025-Ygyacu-Maquinas-e-Teros-Print-Tablet.webp","articleSection":["eventos"],"inLanguage":"es"},{"@type":"WebPage","@id":"https:\/\/yguacumaquinas.com.br\/oportunidade-unica-na-maquintex-yguacu-maquinas-com-condicoes-especiais-para-revolucao-da-estamparia-digital\/","url":"https:\/\/yguacumaquinas.com.br\/oportunidade-unica-na-maquintex-yguacu-maquinas-com-condicoes-especiais-para-revolucao-da-estamparia-digital\/","name":"Oportunidade \u00danica na Maquintex: Ygua\u00e7\u00fa M\u00e1quinas com Condi\u00e7\u00f5es Especiais para Revolu\u00e7\u00e3o da Estamparia Digital - Ygua\u00e7u M\u00e1quinas","isPartOf":{"@id":"https:\/\/yguacumaquinas.com.br\/#website"},"primaryImageOfPage":{"@id":"https:\/\/yguacumaquinas.com.br\/oportunidade-unica-na-maquintex-yguacu-maquinas-com-condicoes-especiais-para-revolucao-da-estamparia-digital\/#primaryimage"},"image":{"@id":"https:\/\/yguacumaquinas.com.br\/oportunidade-unica-na-maquintex-yguacu-maquinas-com-condicoes-especiais-para-revolucao-da-estamparia-digital\/#primaryimage"},"thumbnailUrl":"https:\/\/yguacumaquinas.com.br\/wp-content\/uploads\/2025\/08\/Destaque-Maquintex-2025-Ygyacu-Maquinas-e-Teros-Print-Tablet.webp","datePublished":"2025-08-29T13:20:11+00:00","dateModified":"2025-08-29T13:59:00+00:00","breadcrumb":{"@id":"https:\/\/yguacumaquinas.com.br\/oportunidade-unica-na-maquintex-yguacu-maquinas-com-condicoes-especiais-para-revolucao-da-estamparia-digital\/#breadcrumb"},"inLanguage":"es","potentialAction":[{"@type":"ReadAction","target":["https:\/\/yguacumaquinas.com.br\/oportunidade-unica-na-maquintex-yguacu-maquinas-com-condicoes-especiais-para-revolucao-da-estamparia-digital\/"]}]},{"@type":"ImageObject","inLanguage":"es","@id":"https:\/\/yguacumaquinas.com.br\/oportunidade-unica-na-maquintex-yguacu-maquinas-com-condicoes-especiais-para-revolucao-da-estamparia-digital\/#primaryimage","url":"https:\/\/yguacumaquinas.com.br\/wp-content\/uploads\/2025\/08\/Destaque-Maquintex-2025-Ygyacu-Maquinas-e-Teros-Print-Tablet.webp","contentUrl":"https:\/\/yguacumaquinas.com.br\/wp-content\/uploads\/2025\/08\/Destaque-Maquintex-2025-Ygyacu-Maquinas-e-Teros-Print-Tablet.webp","width":1920,"height":1080},{"@type":"BreadcrumbList","@id":"https:\/\/yguacumaquinas.com.br\/oportunidade-unica-na-maquintex-yguacu-maquinas-com-condicoes-especiais-para-revolucao-da-estamparia-digital\/#breadcrumb","itemListElement":[{"@type":"ListItem","position":1,"name":"In\u00edcio","item":"https:\/\/yguacumaquinas.com.br\/"},{"@type":"ListItem","position":2,"name":"Oportunidade \u00danica na Maquintex: Ygua\u00e7\u00fa M\u00e1quinas com Condi\u00e7\u00f5es Especiais para Revolu\u00e7\u00e3o da Estamparia Digital"}]},{"@type":"WebSite","@id":"https:\/\/yguacumaquinas.com.br\/#website","url":"https:\/\/yguacumaquinas.com.br\/","name":"Ygua\u00e7u M\u00e1quinas","description":"Ygua\u00e7u M\u00e1quinas - Inova\u00e7\u00e3o e Qualidade em Equipamentos para Serigrafia e Impress\u00e3o. Com mais de 30 anos de experi\u00eancia, oferecemos prensas pneum\u00e1ticas, t\u00e9rmicas, secadores de tinta e mesas de impress\u00e3o de alta performance, garantindo efici\u00eancia e durabilidade para suas produ\u00e7\u00f5es.","publisher":{"@id":"https:\/\/yguacumaquinas.com.br\/#organization"},"potentialAction":[{"@type":"SearchAction","target":{"@type":"EntryPoint","urlTemplate":"https:\/\/yguacumaquinas.com.br\/?s={search_term_string}"},"query-input":{"@type":"PropertyValueSpecification","valueRequired":true,"valueName":"search_term_string"}}],"inLanguage":"es"},{"@type":"Organization","@id":"https:\/\/yguacumaquinas.com.br\/#organization","name":"Ygua\u00e7u M\u00e1quinas","alternateName":"https:\/\/yguacumaquinas.com.br\/todos-produtos\/","url":"https:\/\/yguacumaquinas.com.br\/","logo":{"@type":"ImageObject","inLanguage":"es","@id":"https:\/\/yguacumaquinas.com.br\/#\/schema\/logo\/image\/","url":"https:\/\/yguacumaquinas.com.br\/wp-content\/uploads\/2024\/05\/Logo-Yguacu-site.webp","contentUrl":"https:\/\/yguacumaquinas.com.br\/wp-content\/uploads\/2024\/05\/Logo-Yguacu-site.webp","width":208,"height":102,"caption":"Ygua\u00e7u M\u00e1quinas"},"image":{"@id":"https:\/\/yguacumaquinas.com.br\/#\/schema\/logo\/image\/"},"sameAs":["https:\/\/www.facebook.com\/Yguacu"]},{"@type":"Person","@id":"https:\/\/yguacumaquinas.com.br\/#\/schema\/person\/6dde9e58ad22b31dbbce021eed789613","name":"Paulo Mello","image":{"@type":"ImageObject","inLanguage":"es","@id":"https:\/\/yguacumaquinas.com.br\/#\/schema\/person\/image\/","url":"https:\/\/yguacumaquinas.com.br\/wp-content\/litespeed\/avatar\/f8f3f7d4fbeacde3f8f0b4e569e67558.jpg?ver=1777297233","contentUrl":"https:\/\/yguacumaquinas.com.br\/wp-content\/litespeed\/avatar\/f8f3f7d4fbeacde3f8f0b4e569e67558.jpg?ver=1777297233","caption":"Paulo Mello"},"url":"https:\/\/yguacumaquinas.com.br\/es\/author\/paulo-mello\/"}]}},"_links":{"self":[{"href":"https:\/\/yguacumaquinas.com.br\/es\/wp-json\/wp\/v2\/posts\/14030","targetHints":{"allow":["GET"]}}],"collection":[{"href":"https:\/\/yguacumaquinas.com.br\/es\/wp-json\/wp\/v2\/posts"}],"about":[{"href":"https:\/\/yguacumaquinas.com.br\/es\/wp-json\/wp\/v2\/types\/post"}],"author":[{"embeddable":true,"href":"https:\/\/yguacumaquinas.com.br\/es\/wp-json\/wp\/v2\/users\/6"}],"replies":[{"embeddable":true,"href":"https:\/\/yguacumaquinas.com.br\/es\/wp-json\/wp\/v2\/comments?post=14030"}],"version-history":[{"count":13,"href":"https:\/\/yguacumaquinas.com.br\/es\/wp-json\/wp\/v2\/posts\/14030\/revisions"}],"predecessor-version":[{"id":14049,"href":"https:\/\/yguacumaquinas.com.br\/es\/wp-json\/wp\/v2\/posts\/14030\/revisions\/14049"}],"wp:featuredmedia":[{"embeddable":true,"href":"https:\/\/yguacumaquinas.com.br\/es\/wp-json\/wp\/v2\/media\/14033"}],"wp:attachment":[{"href":"https:\/\/yguacumaquinas.com.br\/es\/wp-json\/wp\/v2\/media?parent=14030"}],"wp:term":[{"taxonomy":"category","embeddable":true,"href":"https:\/\/yguacumaquinas.com.br\/es\/wp-json\/wp\/v2\/categories?post=14030"},{"taxonomy":"post_tag","embeddable":true,"href":"https:\/\/yguacumaquinas.com.br\/es\/wp-json\/wp\/v2\/tags?post=14030"}],"curies":[{"name":"wp","href":"https:\/\/api.w.org\/{rel}","templated":true}]}}