{"id":14893,"date":"2025-10-16T16:25:57","date_gmt":"2025-10-16T19:25:57","guid":{"rendered":"https:\/\/yguacumaquinas.com.br\/?p=14893"},"modified":"2025-10-16T16:39:52","modified_gmt":"2025-10-16T19:39:52","slug":"yguacu-maquinas-na-maquintex-2025","status":"publish","type":"post","link":"https:\/\/yguacumaquinas.com.br\/en\/yguacu-maquinas-na-maquintex-2025\/","title":{"rendered":"Ygua\u00e7\u00fa M\u00e1quinas na Maquintex 2025"},"content":{"rendered":"<div data-elementor-type=\"wp-post\" data-elementor-id=\"14893\" class=\"elementor elementor-14893\" data-elementor-settings=\"{&quot;ha_cmc_init_switcher&quot;:&quot;no&quot;}\" data-elementor-post-type=\"post\">\n\t\t\t\t<div class=\"elementor-element elementor-element-256df34 e-flex e-con-boxed e-con e-parent\" data-id=\"256df34\" data-element_type=\"container\" data-settings=\"{&quot;_ha_eqh_enable&quot;:false}\">\n\t\t\t\t\t<div class=\"e-con-inner\">\n\t\t\t\t<div class=\"elementor-element elementor-element-539c51d elementor-hidden-mobile elementor-hidden-tablet jltma-glass-effect-no elementor-widget elementor-widget-image\" data-id=\"539c51d\" data-element_type=\"widget\" data-widget_type=\"image.default\">\n\t\t\t\t\t\t\t\t\t\t\t\t\t\t\t<img fetchpriority=\"high\" decoding=\"async\" width=\"1572\" height=\"550\" src=\"https:\/\/yguacumaquinas.com.br\/wp-content\/uploads\/2025\/10\/Banner-Desktop-Maquintex-2025.webp\" class=\"attachment-full size-full wp-image-14896\" alt=\"\" srcset=\"https:\/\/yguacumaquinas.com.br\/wp-content\/uploads\/2025\/10\/Banner-Desktop-Maquintex-2025.webp 1572w, https:\/\/yguacumaquinas.com.br\/wp-content\/uploads\/2025\/10\/Banner-Desktop-Maquintex-2025-300x105.webp 300w, https:\/\/yguacumaquinas.com.br\/wp-content\/uploads\/2025\/10\/Banner-Desktop-Maquintex-2025-1024x358.webp 1024w, https:\/\/yguacumaquinas.com.br\/wp-content\/uploads\/2025\/10\/Banner-Desktop-Maquintex-2025-768x269.webp 768w, https:\/\/yguacumaquinas.com.br\/wp-content\/uploads\/2025\/10\/Banner-Desktop-Maquintex-2025-1536x537.webp 1536w, https:\/\/yguacumaquinas.com.br\/wp-content\/uploads\/2025\/10\/Banner-Desktop-Maquintex-2025-18x6.webp 18w, https:\/\/yguacumaquinas.com.br\/wp-content\/uploads\/2025\/10\/Banner-Desktop-Maquintex-2025-600x210.webp 600w, https:\/\/yguacumaquinas.com.br\/wp-content\/uploads\/2025\/10\/Banner-Desktop-Maquintex-2025-64x22.webp 64w\" sizes=\"(max-width: 1572px) 100vw, 1572px\" \/>\t\t\t\t\t\t\t\t\t\t\t\t\t\t\t<\/div>\n\t\t\t\t<div class=\"elementor-element elementor-element-dda73bf elementor-hidden-mobile elementor-hidden-desktop jltma-glass-effect-no elementor-widget elementor-widget-image\" data-id=\"dda73bf\" data-element_type=\"widget\" data-widget_type=\"image.default\">\n\t\t\t\t\t\t\t\t\t\t\t\t\t\t\t<img decoding=\"async\" width=\"1920\" height=\"1080\" src=\"https:\/\/yguacumaquinas.com.br\/wp-content\/uploads\/2025\/10\/Banner-Tablet-Maquintex-2025.webp\" class=\"attachment-full size-full wp-image-14895\" alt=\"\" srcset=\"https:\/\/yguacumaquinas.com.br\/wp-content\/uploads\/2025\/10\/Banner-Tablet-Maquintex-2025.webp 1920w, https:\/\/yguacumaquinas.com.br\/wp-content\/uploads\/2025\/10\/Banner-Tablet-Maquintex-2025-300x169.webp 300w, https:\/\/yguacumaquinas.com.br\/wp-content\/uploads\/2025\/10\/Banner-Tablet-Maquintex-2025-1024x576.webp 1024w, https:\/\/yguacumaquinas.com.br\/wp-content\/uploads\/2025\/10\/Banner-Tablet-Maquintex-2025-768x432.webp 768w, https:\/\/yguacumaquinas.com.br\/wp-content\/uploads\/2025\/10\/Banner-Tablet-Maquintex-2025-1536x864.webp 1536w, https:\/\/yguacumaquinas.com.br\/wp-content\/uploads\/2025\/10\/Banner-Tablet-Maquintex-2025-18x10.webp 18w, https:\/\/yguacumaquinas.com.br\/wp-content\/uploads\/2025\/10\/Banner-Tablet-Maquintex-2025-600x338.webp 600w, https:\/\/yguacumaquinas.com.br\/wp-content\/uploads\/2025\/10\/Banner-Tablet-Maquintex-2025-64x36.webp 64w\" sizes=\"(max-width: 1920px) 100vw, 1920px\" \/>\t\t\t\t\t\t\t\t\t\t\t\t\t\t\t<\/div>\n\t\t\t\t<div class=\"elementor-element elementor-element-4cb2067 elementor-hidden-desktop elementor-hidden-tablet jltma-glass-effect-no elementor-widget elementor-widget-image\" data-id=\"4cb2067\" data-element_type=\"widget\" data-widget_type=\"image.default\">\n\t\t\t\t\t\t\t\t\t\t\t\t\t\t\t<img decoding=\"async\" width=\"1000\" height=\"1000\" src=\"https:\/\/yguacumaquinas.com.br\/wp-content\/uploads\/2025\/10\/Banner-Mobile-Maquintex-2025.webp\" class=\"attachment-full size-full wp-image-14897\" alt=\"\" srcset=\"https:\/\/yguacumaquinas.com.br\/wp-content\/uploads\/2025\/10\/Banner-Mobile-Maquintex-2025.webp 1000w, https:\/\/yguacumaquinas.com.br\/wp-content\/uploads\/2025\/10\/Banner-Mobile-Maquintex-2025-300x300.webp 300w, https:\/\/yguacumaquinas.com.br\/wp-content\/uploads\/2025\/10\/Banner-Mobile-Maquintex-2025-150x150.webp 150w, https:\/\/yguacumaquinas.com.br\/wp-content\/uploads\/2025\/10\/Banner-Mobile-Maquintex-2025-768x768.webp 768w, https:\/\/yguacumaquinas.com.br\/wp-content\/uploads\/2025\/10\/Banner-Mobile-Maquintex-2025-12x12.webp 12w, https:\/\/yguacumaquinas.com.br\/wp-content\/uploads\/2025\/10\/Banner-Mobile-Maquintex-2025-600x600.webp 600w, https:\/\/yguacumaquinas.com.br\/wp-content\/uploads\/2025\/10\/Banner-Mobile-Maquintex-2025-100x100.webp 100w, https:\/\/yguacumaquinas.com.br\/wp-content\/uploads\/2025\/10\/Banner-Mobile-Maquintex-2025-64x64.webp 64w\" sizes=\"(max-width: 1000px) 100vw, 1000px\" \/>\t\t\t\t\t\t\t\t\t\t\t\t\t\t\t<\/div>\n\t\t\t\t\t<\/div>\n\t\t\t\t<\/div>\n\t\t<div class=\"elementor-element elementor-element-c379f04 e-flex e-con-boxed e-con e-parent\" data-id=\"c379f04\" data-element_type=\"container\" data-settings=\"{&quot;_ha_eqh_enable&quot;:false}\">\n\t\t\t\t\t<div class=\"e-con-inner\">\n\t\t\t\t<div class=\"elementor-element elementor-element-fa4c921 jltma-glass-effect-no elementor-widget elementor-widget-heading\" data-id=\"fa4c921\" data-element_type=\"widget\" data-widget_type=\"heading.default\">\n\t\t\t\t\t<h1 class=\"elementor-heading-title elementor-size-default\">Ygua\u00e7\u00fa M\u00e1quinas na Maquintex 2025: feira superou expectativas e\nequipamentos esgotaram no 2\u00ba dia<\/h1>\t\t\t\t<\/div>\n\t\t\t\t\t<\/div>\n\t\t\t\t<\/div>\n\t\t<div class=\"elementor-element elementor-element-90f15ec e-flex e-con-boxed e-con e-parent\" data-id=\"90f15ec\" data-element_type=\"container\" data-settings=\"{&quot;_ha_eqh_enable&quot;:false}\">\n\t\t\t\t\t<div class=\"e-con-inner\">\n\t\t<div class=\"elementor-element elementor-element-0660680 e-con-full e-flex e-con e-child\" data-id=\"0660680\" data-element_type=\"container\" data-settings=\"{&quot;_ha_eqh_enable&quot;:false}\">\n\t\t\t\t<div class=\"elementor-element elementor-element-051fefa jltma-glass-effect-no elementor-widget elementor-widget-text-editor\" data-id=\"051fefa\" data-element_type=\"widget\" data-widget_type=\"text-editor.default\">\n\t\t\t\t\t\t\t\t\t<p>In the <a href=\"https:\/\/maquintex.com.br\/\" target=\"_blank\" rel=\"noopener\">Maquintex 2025<\/a>, a <a href=\"https:\/\/yguacumaquinas.com.br\/en\/\">Ygua\u00e7\u00fa M\u00e1quinas<\/a> superou todas as expectativas. Confira como foi nossa participa\u00e7\u00e3o e os resultados alcan\u00e7ados no maior evento t\u00eaxtil do Nordeste.<\/p>\t\t\t\t\t\t\t\t<\/div>\n\t\t\t\t<div class=\"elementor-element elementor-element-c3415cf jltma-glass-effect-no elementor-widget elementor-widget-heading\" data-id=\"c3415cf\" data-element_type=\"widget\" data-widget_type=\"heading.default\">\n\t\t\t\t\t<h2 class=\"elementor-heading-title elementor-size-default\">Ygua\u00e7\u00fa M\u00e1quinas brilhou na Maquintex 2025\n<\/h2>\t\t\t\t<\/div>\n\t\t\t\t<div class=\"elementor-element elementor-element-5b16112 jltma-glass-effect-no elementor-widget elementor-widget-text-editor\" data-id=\"5b16112\" data-element_type=\"widget\" data-widget_type=\"text-editor.default\">\n\t\t\t\t\t\t\t\t\t<p>A <a href=\"https:\/\/yguacumaquinas.com.br\/en\/\">Ygua\u00e7\u00fa M\u00e1quinas<\/a> esteve presente na <strong><a href=\"https:\/\/maquintex.com.br\/\" target=\"_blank\" rel=\"noopener\">Maquintex 2025<\/a><\/strong>, realizada de 23 a 25 de setembro no <strong>Centro de Eventos do Cear\u00e1<\/strong>,<strong> em Fortaleza<\/strong>, e marcou presen\u00e7a como uma das principais fornecedoras de equipamentos para <strong>sublima\u00e7\u00e3o, serigrafia e DTF<\/strong> no Brasil.<\/p>\t\t\t\t\t\t\t\t<\/div>\n\t\t\t\t<div class=\"elementor-element elementor-element-d418fba jltma-glass-effect-no elementor-widget elementor-widget-text-editor\" data-id=\"d418fba\" data-element_type=\"widget\" data-widget_type=\"text-editor.default\">\n\t\t\t\t\t\t\t\t\t<p>Durante os tr\u00eas dias de feira, recebemos clientes, parceiros e novos visitantes\u00a0 interessados em conhecer nossas solu\u00e7\u00f5es de <strong>alta produtividade, inova\u00e7\u00e3o e versatilidade<\/strong> para o setor t\u00eaxtil e de comunica\u00e7\u00e3o visual.<\/p>\t\t\t\t\t\t\t\t<\/div>\n\t\t<div class=\"elementor-element elementor-element-b306f7c e-grid e-con-full e-con e-child\" data-id=\"b306f7c\" data-element_type=\"container\" data-settings=\"{&quot;_ha_eqh_enable&quot;:false}\">\n\t\t\t\t<div class=\"elementor-element elementor-element-e0a1f66 jltma-glass-effect-no elementor-widget elementor-widget-image\" data-id=\"e0a1f66\" data-element_type=\"widget\" data-widget_type=\"image.default\">\n\t\t\t\t\t\t\t\t\t\t\t\t\t\t\t<img loading=\"lazy\" decoding=\"async\" width=\"800\" height=\"800\" src=\"https:\/\/yguacumaquinas.com.br\/wp-content\/uploads\/2025\/10\/Clientes-01-Maquintex-2025-1024x1024.webp\" class=\"attachment-large size-large wp-image-14901\" alt=\"\" srcset=\"https:\/\/yguacumaquinas.com.br\/wp-content\/uploads\/2025\/10\/Clientes-01-Maquintex-2025-1024x1024.webp 1024w, https:\/\/yguacumaquinas.com.br\/wp-content\/uploads\/2025\/10\/Clientes-01-Maquintex-2025-300x300.webp 300w, https:\/\/yguacumaquinas.com.br\/wp-content\/uploads\/2025\/10\/Clientes-01-Maquintex-2025-150x150.webp 150w, https:\/\/yguacumaquinas.com.br\/wp-content\/uploads\/2025\/10\/Clientes-01-Maquintex-2025-768x768.webp 768w, https:\/\/yguacumaquinas.com.br\/wp-content\/uploads\/2025\/10\/Clientes-01-Maquintex-2025-1536x1536.webp 1536w, https:\/\/yguacumaquinas.com.br\/wp-content\/uploads\/2025\/10\/Clientes-01-Maquintex-2025-2048x2048.webp 2048w, https:\/\/yguacumaquinas.com.br\/wp-content\/uploads\/2025\/10\/Clientes-01-Maquintex-2025-12x12.webp 12w, https:\/\/yguacumaquinas.com.br\/wp-content\/uploads\/2025\/10\/Clientes-01-Maquintex-2025-600x600.webp 600w, https:\/\/yguacumaquinas.com.br\/wp-content\/uploads\/2025\/10\/Clientes-01-Maquintex-2025-100x100.webp 100w, https:\/\/yguacumaquinas.com.br\/wp-content\/uploads\/2025\/10\/Clientes-01-Maquintex-2025-64x64.webp 64w\" sizes=\"(max-width: 800px) 100vw, 800px\" \/>\t\t\t\t\t\t\t\t\t\t\t\t\t\t\t<\/div>\n\t\t\t\t<div class=\"elementor-element elementor-element-f2a2ebb jltma-glass-effect-no elementor-widget elementor-widget-image\" data-id=\"f2a2ebb\" data-element_type=\"widget\" data-widget_type=\"image.default\">\n\t\t\t\t\t\t\t\t\t\t\t\t\t\t\t<img loading=\"lazy\" decoding=\"async\" width=\"800\" height=\"800\" src=\"https:\/\/yguacumaquinas.com.br\/wp-content\/uploads\/2025\/10\/Cliente-03-Maquintex-2025-1024x1024.webp\" class=\"attachment-large size-large wp-image-14898\" alt=\"\" srcset=\"https:\/\/yguacumaquinas.com.br\/wp-content\/uploads\/2025\/10\/Cliente-03-Maquintex-2025-1024x1024.webp 1024w, https:\/\/yguacumaquinas.com.br\/wp-content\/uploads\/2025\/10\/Cliente-03-Maquintex-2025-300x300.webp 300w, https:\/\/yguacumaquinas.com.br\/wp-content\/uploads\/2025\/10\/Cliente-03-Maquintex-2025-150x150.webp 150w, https:\/\/yguacumaquinas.com.br\/wp-content\/uploads\/2025\/10\/Cliente-03-Maquintex-2025-768x768.webp 768w, https:\/\/yguacumaquinas.com.br\/wp-content\/uploads\/2025\/10\/Cliente-03-Maquintex-2025-12x12.webp 12w, https:\/\/yguacumaquinas.com.br\/wp-content\/uploads\/2025\/10\/Cliente-03-Maquintex-2025-600x600.webp 600w, https:\/\/yguacumaquinas.com.br\/wp-content\/uploads\/2025\/10\/Cliente-03-Maquintex-2025-100x100.webp 100w, https:\/\/yguacumaquinas.com.br\/wp-content\/uploads\/2025\/10\/Cliente-03-Maquintex-2025-64x64.webp 64w, https:\/\/yguacumaquinas.com.br\/wp-content\/uploads\/2025\/10\/Cliente-03-Maquintex-2025.webp 1200w\" sizes=\"(max-width: 800px) 100vw, 800px\" \/>\t\t\t\t\t\t\t\t\t\t\t\t\t\t\t<\/div>\n\t\t\t\t<div class=\"elementor-element elementor-element-95201de jltma-glass-effect-no elementor-widget elementor-widget-image\" data-id=\"95201de\" data-element_type=\"widget\" data-widget_type=\"image.default\">\n\t\t\t\t\t\t\t\t\t\t\t\t\t\t\t<img loading=\"lazy\" decoding=\"async\" width=\"800\" height=\"800\" src=\"https:\/\/yguacumaquinas.com.br\/wp-content\/uploads\/2025\/10\/Clientes-02-Maquintex-2025-1024x1024.webp\" class=\"attachment-large size-large wp-image-14900\" alt=\"\" srcset=\"https:\/\/yguacumaquinas.com.br\/wp-content\/uploads\/2025\/10\/Clientes-02-Maquintex-2025-1024x1024.webp 1024w, https:\/\/yguacumaquinas.com.br\/wp-content\/uploads\/2025\/10\/Clientes-02-Maquintex-2025-300x300.webp 300w, https:\/\/yguacumaquinas.com.br\/wp-content\/uploads\/2025\/10\/Clientes-02-Maquintex-2025-150x150.webp 150w, https:\/\/yguacumaquinas.com.br\/wp-content\/uploads\/2025\/10\/Clientes-02-Maquintex-2025-768x768.webp 768w, https:\/\/yguacumaquinas.com.br\/wp-content\/uploads\/2025\/10\/Clientes-02-Maquintex-2025-12x12.webp 12w, https:\/\/yguacumaquinas.com.br\/wp-content\/uploads\/2025\/10\/Clientes-02-Maquintex-2025-600x600.webp 600w, https:\/\/yguacumaquinas.com.br\/wp-content\/uploads\/2025\/10\/Clientes-02-Maquintex-2025-100x100.webp 100w, https:\/\/yguacumaquinas.com.br\/wp-content\/uploads\/2025\/10\/Clientes-02-Maquintex-2025-64x64.webp 64w, https:\/\/yguacumaquinas.com.br\/wp-content\/uploads\/2025\/10\/Clientes-02-Maquintex-2025.webp 1200w\" sizes=\"(max-width: 800px) 100vw, 800px\" \/>\t\t\t\t\t\t\t\t\t\t\t\t\t\t\t<\/div>\n\t\t\t\t<\/div>\n\t\t\t\t<\/div>\n\t\t\t\t\t<\/div>\n\t\t\t\t<\/div>\n\t\t<div class=\"elementor-element elementor-element-348a318 e-flex e-con-boxed e-con e-parent\" data-id=\"348a318\" data-element_type=\"container\" data-settings=\"{&quot;_ha_eqh_enable&quot;:false}\">\n\t\t\t\t\t<div class=\"e-con-inner\">\n\t\t<div class=\"elementor-element elementor-element-ea96e87 e-grid e-con-full e-con e-child\" data-id=\"ea96e87\" data-element_type=\"container\" data-settings=\"{&quot;_ha_eqh_enable&quot;:false}\">\n\t\t\t\t<div data-ha-element-link=\"{&quot;url&quot;:&quot;https:\\\/\\\/yguacumaquinas.com.br\\\/prensas-termicas-pneumaticas\\\/&quot;,&quot;is_external&quot;:&quot;&quot;,&quot;nofollow&quot;:&quot;&quot;}\" style=\"cursor: pointer\" class=\"elementor-element elementor-element-6295b3f jltma-glass-effect-no elementor-widget elementor-widget-image\" data-id=\"6295b3f\" data-element_type=\"widget\" data-widget_type=\"image.default\">\n\t\t\t\t\t\t\t\t\t\t\t\t\t\t\t<img loading=\"lazy\" decoding=\"async\" width=\"2752\" height=\"1880\" src=\"https:\/\/yguacumaquinas.com.br\/wp-content\/uploads\/2025\/09\/Blog-Post-Formas-de-Pagamento-Flexiveis-Prensa-Unilateral.webp\" class=\"attachment-full size-full wp-image-14209\" alt=\"\" srcset=\"https:\/\/yguacumaquinas.com.br\/wp-content\/uploads\/2025\/09\/Blog-Post-Formas-de-Pagamento-Flexiveis-Prensa-Unilateral.webp 2752w, https:\/\/yguacumaquinas.com.br\/wp-content\/uploads\/2025\/09\/Blog-Post-Formas-de-Pagamento-Flexiveis-Prensa-Unilateral-300x205.webp 300w, https:\/\/yguacumaquinas.com.br\/wp-content\/uploads\/2025\/09\/Blog-Post-Formas-de-Pagamento-Flexiveis-Prensa-Unilateral-1024x700.webp 1024w, https:\/\/yguacumaquinas.com.br\/wp-content\/uploads\/2025\/09\/Blog-Post-Formas-de-Pagamento-Flexiveis-Prensa-Unilateral-768x525.webp 768w, https:\/\/yguacumaquinas.com.br\/wp-content\/uploads\/2025\/09\/Blog-Post-Formas-de-Pagamento-Flexiveis-Prensa-Unilateral-1536x1049.webp 1536w, https:\/\/yguacumaquinas.com.br\/wp-content\/uploads\/2025\/09\/Blog-Post-Formas-de-Pagamento-Flexiveis-Prensa-Unilateral-2048x1399.webp 2048w, https:\/\/yguacumaquinas.com.br\/wp-content\/uploads\/2025\/09\/Blog-Post-Formas-de-Pagamento-Flexiveis-Prensa-Unilateral-18x12.webp 18w, https:\/\/yguacumaquinas.com.br\/wp-content\/uploads\/2025\/09\/Blog-Post-Formas-de-Pagamento-Flexiveis-Prensa-Unilateral-600x410.webp 600w, https:\/\/yguacumaquinas.com.br\/wp-content\/uploads\/2025\/09\/Blog-Post-Formas-de-Pagamento-Flexiveis-Prensa-Unilateral-64x44.webp 64w\" sizes=\"(max-width: 2752px) 100vw, 2752px\" \/>\t\t\t\t\t\t\t\t\t\t\t\t\t\t\t<\/div>\n\t\t\t\t<div class=\"elementor-element elementor-element-5f95290 jltma-glass-effect-no elementor-widget elementor-widget-text-editor\" data-id=\"5f95290\" data-element_type=\"widget\" data-widget_type=\"text-editor.default\">\n\t\t\t\t\t\t\t\t\t<p>Entre os equipamentos apresentados, chamaram a aten\u00e7\u00e3o:<\/p><ul style=\"margin-bottom: 1rem;\"><li><strong><a href=\"https:\/\/yguacumaquinas.com.br\/en\/prensas-termicas-pneumaticas\/\">Prensas t\u00e9rmicas autom\u00e1ticas e pneum\u00e1ticas<\/a><\/strong> \u2013 ideais para quem busca efici\u00eancia e produ\u00e7\u00e3o em escala.<\/li><li><strong><a href=\"https:\/\/yguacumaquinas.com.br\/en\/calandras\/\">Calandras para sublima\u00e7\u00e3o<\/a><\/strong> \u2013 solu\u00e7\u00f5es de alto desempenho para estampar tecidos com qualidade e rapidez.<\/li><li><a href=\"https:\/\/yguacumaquinas.com.br\/en\/prensa-dtf-e-sublimacao\/\"><strong>Tecnologia DTF (Direct To Film)<\/strong><\/a> \u2013 versatilidade na personaliza\u00e7\u00e3o de diferentes superf\u00edcies.<\/li><\/ul><p>Os visitantes puderam acompanhar <strong>demonstra\u00e7\u00f5es ao vivo<\/strong> e conversar diretamente com nossa equipe para tirar d\u00favidas, comparar m\u00e1quinas e encontrar a melhor op\u00e7\u00e3o para suas necessidades de produ\u00e7\u00e3o.<\/p>\t\t\t\t\t\t\t\t<\/div>\n\t\t\t\t<div data-ha-element-link=\"{&quot;url&quot;:&quot;https:\\\/\\\/yguacumaquinas.com.br\\\/calandras\\\/&quot;,&quot;is_external&quot;:&quot;&quot;,&quot;nofollow&quot;:&quot;&quot;}\" style=\"cursor: pointer\" class=\"elementor-element elementor-element-39acb7f jltma-glass-effect-no elementor-widget elementor-widget-image\" data-id=\"39acb7f\" data-element_type=\"widget\" data-widget_type=\"image.default\">\n\t\t\t\t\t\t\t\t\t\t\t\t\t\t\t<img loading=\"lazy\" decoding=\"async\" width=\"8214\" height=\"4861\" src=\"https:\/\/yguacumaquinas.com.br\/wp-content\/uploads\/2025\/09\/Blog-Post-Formas-de-Pagamento-Flexiveis-Calandra-Y-1800.png\" class=\"attachment-full size-full wp-image-14210\" alt=\"\" srcset=\"https:\/\/yguacumaquinas.com.br\/wp-content\/uploads\/2025\/09\/Blog-Post-Formas-de-Pagamento-Flexiveis-Calandra-Y-1800.png 8214w, https:\/\/yguacumaquinas.com.br\/wp-content\/uploads\/2025\/09\/Blog-Post-Formas-de-Pagamento-Flexiveis-Calandra-Y-1800-300x178.png 300w, https:\/\/yguacumaquinas.com.br\/wp-content\/uploads\/2025\/09\/Blog-Post-Formas-de-Pagamento-Flexiveis-Calandra-Y-1800-1024x606.png 1024w, https:\/\/yguacumaquinas.com.br\/wp-content\/uploads\/2025\/09\/Blog-Post-Formas-de-Pagamento-Flexiveis-Calandra-Y-1800-768x454.png 768w, https:\/\/yguacumaquinas.com.br\/wp-content\/uploads\/2025\/09\/Blog-Post-Formas-de-Pagamento-Flexiveis-Calandra-Y-1800-1536x909.png 1536w, https:\/\/yguacumaquinas.com.br\/wp-content\/uploads\/2025\/09\/Blog-Post-Formas-de-Pagamento-Flexiveis-Calandra-Y-1800-2048x1212.png 2048w, https:\/\/yguacumaquinas.com.br\/wp-content\/uploads\/2025\/09\/Blog-Post-Formas-de-Pagamento-Flexiveis-Calandra-Y-1800-18x12.png 18w, https:\/\/yguacumaquinas.com.br\/wp-content\/uploads\/2025\/09\/Blog-Post-Formas-de-Pagamento-Flexiveis-Calandra-Y-1800-600x355.png 600w, https:\/\/yguacumaquinas.com.br\/wp-content\/uploads\/2025\/09\/Blog-Post-Formas-de-Pagamento-Flexiveis-Calandra-Y-1800-64x38.png 64w\" sizes=\"(max-width: 8214px) 100vw, 8214px\" \/>\t\t\t\t\t\t\t\t\t\t\t\t\t\t\t<\/div>\n\t\t\t\t<div class=\"elementor-element elementor-element-7ba2250 jltma-glass-effect-no elementor-widget elementor-widget-text-editor\" data-id=\"7ba2250\" data-element_type=\"widget\" data-widget_type=\"text-editor.default\">\n\t\t\t\t\t\t\t\t\t<p>A participa\u00e7\u00e3o da <a href=\"https:\/\/yguacumaquinas.com.br\/en\/\">Ygua\u00e7\u00fa M\u00e1quinas<\/a> na <a href=\"https:\/\/maquintex.com.br\/\" target=\"_blank\" rel=\"noopener\">Maquintex 2025<\/a> superou todas as expectativas. J\u00e1 no <strong>segundo dia de feira<\/strong>, todos os equipamentos em exposi\u00e7\u00e3o foram vendidos, demonstrando a grande procura do mercado por nossas solu\u00e7\u00f5es. Para <a href=\"https:\/\/www.linkedin.com\/in\/leandroguass%C3%BA\/\" target=\"_blank\" rel=\"noopener\">Leandro Guassu<\/a>, presidente do grupo <a href=\"https:\/\/yguacumaquinas.com.br\/en\/\">Ygua\u00e7\u00fa M\u00e1quinas<\/a>, \u201c<em>a <a href=\"https:\/\/yguacumaquinas.com.br\/en\/\">Ygua\u00e7u<\/a> j\u00e1 vem h\u00e1 muitos anos olhando para a regi\u00e3o nordeste com muito zelo. Com certeza, vamos continuar investindo muito nessa regi\u00e3o. E o principal \u00e9 fazer produtos de qualidade para os clientes que t\u00eam problemas com m\u00e3o de obra.<\/em>\u201d<\/p>\t\t\t\t\t\t\t\t<\/div>\n\t\t\t\t<\/div>\n\t\t\t\t\t<\/div>\n\t\t\t\t<\/div>\n\t\t<div class=\"elementor-element elementor-element-e731686 e-flex e-con-boxed e-con e-parent\" data-id=\"e731686\" data-element_type=\"container\" data-settings=\"{&quot;_ha_eqh_enable&quot;:false}\">\n\t\t\t\t\t<div class=\"e-con-inner\">\n\t\t<div class=\"elementor-element elementor-element-9616cca e-con-full e-flex e-con e-child\" data-id=\"9616cca\" data-element_type=\"container\" data-settings=\"{&quot;_ha_eqh_enable&quot;:false}\">\n\t\t\t\t<div class=\"elementor-element elementor-element-1764c9d jltma-glass-effect-no elementor-widget elementor-widget-text-editor\" data-id=\"1764c9d\" data-element_type=\"widget\" data-widget_type=\"text-editor.default\">\n\t\t\t\t\t\t\t\t\t<p>Esse resultado reflete a confian\u00e7a dos clientes na qualidade, efici\u00eancia e robustez dos nossos produtos, al\u00e9m de consolidar a Ygua\u00e7\u00fa como refer\u00eancia em tecnologia para estamparia digital e serigrafia.<\/p>\t\t\t\t\t\t\t\t<\/div>\n\t\t\t\t<\/div>\n\t\t\t\t\t<\/div>\n\t\t\t\t<\/div>\n\t\t<div class=\"elementor-element elementor-element-8d34c9a e-flex e-con-boxed e-con e-parent\" data-id=\"8d34c9a\" data-element_type=\"container\" data-settings=\"{&quot;_ha_eqh_enable&quot;:false}\">\n\t\t\t\t\t<div class=\"e-con-inner\">\n\t\t<div class=\"elementor-element elementor-element-a8561ce e-con-full e-flex e-con e-child\" data-id=\"a8561ce\" data-element_type=\"container\" data-settings=\"{&quot;_ha_eqh_enable&quot;:false}\">\n\t\t\t\t<div class=\"elementor-element elementor-element-aaf079e jltma-glass-effect-no elementor-widget elementor-widget-heading\" data-id=\"aaf079e\" data-element_type=\"widget\" data-widget_type=\"heading.default\">\n\t\t\t\t\t<h1 class=\"elementor-heading-title elementor-size-default\">O impacto da Maquintex 2025<\/h1>\t\t\t\t<\/div>\n\t\t\t\t<div class=\"elementor-element elementor-element-778f04a blog-post-list jltma-glass-effect-no elementor-widget elementor-widget-text-editor\" data-id=\"778f04a\" data-element_type=\"widget\" data-widget_type=\"text-editor.default\">\n\t\t\t\t\t\t\t\t\t<p>A edi\u00e7\u00e3o de 2025 reuniu mais de 500 marcas expositoras e atraiu milhares de visitantes de todo o Brasil. Para a <a href=\"https:\/\/yguacumaquinas.com.br\/en\/\">Ygua\u00e7\u00fa M\u00e1quinas<\/a>, o saldo n\u00e3o poderia ser mais positivo: vendas recordes, novos neg\u00f3cios e equipamentos esgotados antes mesmo do encerramento da feira. Segundo <a href=\"http:\/\/linkedin.com\/in\/rafael-mueller-18454322a\" target=\"_blank\" rel=\"noopener\">Rafael Mueller<\/a>, diretor de opera\u00e7\u00f5es, \u201cN\u00f3s t\u00ednhamos uma grande expectativa que foi 100% atendida e superada, o p\u00fablico foi extremamente receptivo com a gente. Tivemos vendas expressivas em toda a regi\u00e3o de Cear\u00e1, Pernambuco, Bahia e arredores, todo o norte e nordeste realmente compareceram em peso durante o evento. A expectativa para a pr\u00f3xima edi\u00e7\u00e3o \u00e9 ainda maior, em 2027 estaremos ainda mais preparados, possivelmente com carreta de m\u00e1quinas \u00e0 disposi\u00e7\u00e3o para pronta entrega.\u201d<\/p>\t\t\t\t\t\t\t\t<\/div>\n\t\t<div class=\"elementor-element elementor-element-4a4a6a5 e-con-full e-flex e-con e-child\" data-id=\"4a4a6a5\" data-element_type=\"container\" data-settings=\"{&quot;_ha_eqh_enable&quot;:false}\">\n\t\t<div class=\"elementor-element elementor-element-2e8fdab e-con-full e-flex e-con e-child\" data-id=\"2e8fdab\" data-element_type=\"container\" data-settings=\"{&quot;_ha_eqh_enable&quot;:false}\">\n\t\t\t\t<div class=\"elementor-element elementor-element-5ae577a jltma-glass-effect-no elementor-widget elementor-widget-image\" data-id=\"5ae577a\" data-element_type=\"widget\" data-widget_type=\"image.default\">\n\t\t\t\t\t\t\t\t\t\t\t\t\t\t\t<img loading=\"lazy\" decoding=\"async\" width=\"4000\" height=\"1440\" src=\"https:\/\/yguacumaquinas.com.br\/wp-content\/uploads\/2025\/10\/Equipe-01-Maquintex-2025.webp\" class=\"attachment-full size-full wp-image-14899\" alt=\"\" srcset=\"https:\/\/yguacumaquinas.com.br\/wp-content\/uploads\/2025\/10\/Equipe-01-Maquintex-2025.webp 4000w, https:\/\/yguacumaquinas.com.br\/wp-content\/uploads\/2025\/10\/Equipe-01-Maquintex-2025-300x108.webp 300w, https:\/\/yguacumaquinas.com.br\/wp-content\/uploads\/2025\/10\/Equipe-01-Maquintex-2025-1024x369.webp 1024w, https:\/\/yguacumaquinas.com.br\/wp-content\/uploads\/2025\/10\/Equipe-01-Maquintex-2025-768x276.webp 768w, https:\/\/yguacumaquinas.com.br\/wp-content\/uploads\/2025\/10\/Equipe-01-Maquintex-2025-1536x553.webp 1536w, https:\/\/yguacumaquinas.com.br\/wp-content\/uploads\/2025\/10\/Equipe-01-Maquintex-2025-2048x737.webp 2048w, https:\/\/yguacumaquinas.com.br\/wp-content\/uploads\/2025\/10\/Equipe-01-Maquintex-2025-18x6.webp 18w, https:\/\/yguacumaquinas.com.br\/wp-content\/uploads\/2025\/10\/Equipe-01-Maquintex-2025-600x216.webp 600w, https:\/\/yguacumaquinas.com.br\/wp-content\/uploads\/2025\/10\/Equipe-01-Maquintex-2025-64x23.webp 64w\" sizes=\"(max-width: 4000px) 100vw, 4000px\" \/>\t\t\t\t\t\t\t\t\t\t\t\t\t\t\t<\/div>\n\t\t\t\t<\/div>\n\t\t\t\t<\/div>\n\t\t\t\t<\/div>\n\t\t\t\t\t<\/div>\n\t\t\t\t<\/div>\n\t\t<div class=\"elementor-element elementor-element-d5d1305 e-flex e-con-boxed e-con e-parent\" data-id=\"d5d1305\" data-element_type=\"container\" data-settings=\"{&quot;_ha_eqh_enable&quot;:false}\">\n\t\t\t\t\t<div class=\"e-con-inner\">\n\t\t<div class=\"elementor-element elementor-element-642ec47 e-con-full e-flex e-con e-child\" data-id=\"642ec47\" data-element_type=\"container\" data-settings=\"{&quot;_ha_eqh_enable&quot;:false}\">\n\t\t\t\t<div class=\"elementor-element elementor-element-b9be64c jltma-glass-effect-no elementor-widget elementor-widget-heading\" data-id=\"b9be64c\" data-element_type=\"widget\" data-widget_type=\"heading.default\">\n\t\t\t\t\t<h1 class=\"elementor-heading-title elementor-size-default\">At\u00e9 a pr\u00f3xima!<\/h1>\t\t\t\t<\/div>\n\t\t\t\t<div class=\"elementor-element elementor-element-acf4f83 jltma-glass-effect-no elementor-widget elementor-widget-text-editor\" data-id=\"acf4f83\" data-element_type=\"widget\" data-widget_type=\"text-editor.default\">\n\t\t\t\t\t\t\t\t\t<p>Encerramos a participa\u00e7\u00e3o na <a href=\"https:\/\/maquintex.com.br\/\" target=\"_blank\" rel=\"noopener\">Maquintex 2025<\/a> com a certeza de que a <strong>tecnologia nacional<\/strong> tem for\u00e7a para transformar o setor. Agradecemos a todos que visitaram nosso estande e refor\u00e7amos nosso compromisso em continuar desenvolvendo solu\u00e7\u00f5es que ajudam empreendedores a crescer.<\/p>\t\t\t\t\t\t\t\t<\/div>\n\t\t\t\t<div class=\"elementor-element elementor-element-d445383 jltma-glass-effect-no elementor-widget elementor-widget-text-editor\" data-id=\"d445383\" data-element_type=\"widget\" data-widget_type=\"text-editor.default\">\n\t\t\t\t\t\t\t\t\t<p>Se voc\u00ea n\u00e3o p\u00f4de estar presente na feira, entre em contato com nossa equipe e conhe\u00e7a nossos equipamentos. Estamos prontos para ajudar sua produ\u00e7\u00e3o a decolar!<\/p>\t\t\t\t\t\t\t\t<\/div>\n\t\t\t\t<\/div>\n\t\t\t\t\t<\/div>\n\t\t\t\t<\/div>\n\t\t\t\t<\/div>","protected":false},"excerpt":{"rendered":"<p>Ygua\u00e7\u00fa M\u00e1quinas na Maquintex 2025: feira superou expectativas e equipamentos esgotaram no 2\u00ba dia Na Maquintex 2025, a Ygua\u00e7\u00fa M\u00e1quinas superou todas as expectativas. Confira como foi nossa participa\u00e7\u00e3o e os resultados alcan\u00e7ados no maior evento t\u00eaxtil do Nordeste. Ygua\u00e7\u00fa M\u00e1quinas brilhou na Maquintex 2025 A Ygua\u00e7\u00fa M\u00e1quinas esteve presente na Maquintex 2025, realizada de [&hellip;]<\/p>","protected":false},"author":6,"featured_media":14895,"comment_status":"closed","ping_status":"open","sticky":false,"template":"","format":"standard","meta":{"footnotes":""},"categories":[118],"tags":[],"class_list":["post-14893","post","type-post","status-publish","format-standard","has-post-thumbnail","hentry","category-eventos"],"yoast_head":"<!-- This site is optimized with the Yoast SEO plugin v26.5 - https:\/\/yoast.com\/wordpress\/plugins\/seo\/ -->\n<title>Ygua\u00e7\u00fa M\u00e1quinas na Maquintex 2025 - Ygua\u00e7u M\u00e1quinas<\/title>\n<meta name=\"robots\" content=\"index, follow, max-snippet:-1, max-image-preview:large, max-video-preview:-1\" \/>\n<link rel=\"canonical\" href=\"https:\/\/yguacumaquinas.com.br\/en\/yguacu-maquinas-na-maquintex-2025\/\" \/>\n<meta property=\"og:locale\" content=\"en_US\" \/>\n<meta property=\"og:type\" content=\"article\" \/>\n<meta property=\"og:title\" content=\"Ygua\u00e7\u00fa M\u00e1quinas na Maquintex 2025 - Ygua\u00e7u M\u00e1quinas\" \/>\n<meta property=\"og:description\" content=\"Ygua\u00e7\u00fa M\u00e1quinas na Maquintex 2025: feira superou expectativas e equipamentos esgotaram no 2\u00ba dia Na Maquintex 2025, a Ygua\u00e7\u00fa M\u00e1quinas superou todas as expectativas. Confira como foi nossa participa\u00e7\u00e3o e os resultados alcan\u00e7ados no maior evento t\u00eaxtil do Nordeste. Ygua\u00e7\u00fa M\u00e1quinas brilhou na Maquintex 2025 A Ygua\u00e7\u00fa M\u00e1quinas esteve presente na Maquintex 2025, realizada de [&hellip;]\" \/>\n<meta property=\"og:url\" content=\"https:\/\/yguacumaquinas.com.br\/en\/yguacu-maquinas-na-maquintex-2025\/\" \/>\n<meta property=\"og:site_name\" content=\"Ygua\u00e7u M\u00e1quinas\" \/>\n<meta property=\"article:publisher\" content=\"https:\/\/www.facebook.com\/Yguacu\" \/>\n<meta property=\"article:published_time\" content=\"2025-10-16T19:25:57+00:00\" \/>\n<meta property=\"article:modified_time\" content=\"2025-10-16T19:39:52+00:00\" \/>\n<meta property=\"og:image\" content=\"https:\/\/yguacumaquinas.com.br\/wp-content\/uploads\/2025\/10\/Banner-Tablet-Maquintex-2025.webp\" \/>\n\t<meta property=\"og:image:width\" content=\"1920\" \/>\n\t<meta property=\"og:image:height\" content=\"1080\" \/>\n\t<meta property=\"og:image:type\" content=\"image\/webp\" \/>\n<meta name=\"author\" content=\"Paulo Mello\" \/>\n<meta name=\"twitter:card\" content=\"summary_large_image\" \/>\n<meta name=\"twitter:label1\" content=\"Written by\" \/>\n\t<meta name=\"twitter:data1\" content=\"Paulo Mello\" \/>\n\t<meta name=\"twitter:label2\" content=\"Est. reading time\" \/>\n\t<meta name=\"twitter:data2\" content=\"3 minutes\" \/>\n<script type=\"application\/ld+json\" class=\"yoast-schema-graph\">{\"@context\":\"https:\/\/schema.org\",\"@graph\":[{\"@type\":\"Article\",\"@id\":\"https:\/\/yguacumaquinas.com.br\/yguacu-maquinas-na-maquintex-2025\/#article\",\"isPartOf\":{\"@id\":\"https:\/\/yguacumaquinas.com.br\/yguacu-maquinas-na-maquintex-2025\/\"},\"author\":{\"name\":\"Paulo Mello\",\"@id\":\"https:\/\/yguacumaquinas.com.br\/#\/schema\/person\/6dde9e58ad22b31dbbce021eed789613\"},\"headline\":\"Ygua\u00e7\u00fa M\u00e1quinas na Maquintex 2025\",\"datePublished\":\"2025-10-16T19:25:57+00:00\",\"dateModified\":\"2025-10-16T19:39:52+00:00\",\"mainEntityOfPage\":{\"@id\":\"https:\/\/yguacumaquinas.com.br\/yguacu-maquinas-na-maquintex-2025\/\"},\"wordCount\":547,\"publisher\":{\"@id\":\"https:\/\/yguacumaquinas.com.br\/#organization\"},\"image\":{\"@id\":\"https:\/\/yguacumaquinas.com.br\/yguacu-maquinas-na-maquintex-2025\/#primaryimage\"},\"thumbnailUrl\":\"https:\/\/yguacumaquinas.com.br\/wp-content\/uploads\/2025\/10\/Banner-Tablet-Maquintex-2025.webp\",\"articleSection\":[\"eventos\"],\"inLanguage\":\"en-US\"},{\"@type\":\"WebPage\",\"@id\":\"https:\/\/yguacumaquinas.com.br\/yguacu-maquinas-na-maquintex-2025\/\",\"url\":\"https:\/\/yguacumaquinas.com.br\/yguacu-maquinas-na-maquintex-2025\/\",\"name\":\"Ygua\u00e7\u00fa M\u00e1quinas na Maquintex 2025 - Ygua\u00e7u M\u00e1quinas\",\"isPartOf\":{\"@id\":\"https:\/\/yguacumaquinas.com.br\/#website\"},\"primaryImageOfPage\":{\"@id\":\"https:\/\/yguacumaquinas.com.br\/yguacu-maquinas-na-maquintex-2025\/#primaryimage\"},\"image\":{\"@id\":\"https:\/\/yguacumaquinas.com.br\/yguacu-maquinas-na-maquintex-2025\/#primaryimage\"},\"thumbnailUrl\":\"https:\/\/yguacumaquinas.com.br\/wp-content\/uploads\/2025\/10\/Banner-Tablet-Maquintex-2025.webp\",\"datePublished\":\"2025-10-16T19:25:57+00:00\",\"dateModified\":\"2025-10-16T19:39:52+00:00\",\"breadcrumb\":{\"@id\":\"https:\/\/yguacumaquinas.com.br\/yguacu-maquinas-na-maquintex-2025\/#breadcrumb\"},\"inLanguage\":\"en-US\",\"potentialAction\":[{\"@type\":\"ReadAction\",\"target\":[\"https:\/\/yguacumaquinas.com.br\/yguacu-maquinas-na-maquintex-2025\/\"]}]},{\"@type\":\"ImageObject\",\"inLanguage\":\"en-US\",\"@id\":\"https:\/\/yguacumaquinas.com.br\/yguacu-maquinas-na-maquintex-2025\/#primaryimage\",\"url\":\"https:\/\/yguacumaquinas.com.br\/wp-content\/uploads\/2025\/10\/Banner-Tablet-Maquintex-2025.webp\",\"contentUrl\":\"https:\/\/yguacumaquinas.com.br\/wp-content\/uploads\/2025\/10\/Banner-Tablet-Maquintex-2025.webp\",\"width\":1920,\"height\":1080},{\"@type\":\"BreadcrumbList\",\"@id\":\"https:\/\/yguacumaquinas.com.br\/yguacu-maquinas-na-maquintex-2025\/#breadcrumb\",\"itemListElement\":[{\"@type\":\"ListItem\",\"position\":1,\"name\":\"In\u00edcio\",\"item\":\"https:\/\/yguacumaquinas.com.br\/\"},{\"@type\":\"ListItem\",\"position\":2,\"name\":\"Ygua\u00e7\u00fa M\u00e1quinas na Maquintex 2025\"}]},{\"@type\":\"WebSite\",\"@id\":\"https:\/\/yguacumaquinas.com.br\/#website\",\"url\":\"https:\/\/yguacumaquinas.com.br\/\",\"name\":\"Ygua\u00e7u M\u00e1quinas\",\"description\":\"Ygua\u00e7u M\u00e1quinas - Inova\u00e7\u00e3o e Qualidade em Equipamentos para Serigrafia e Impress\u00e3o. Com mais de 30 anos de experi\u00eancia, oferecemos prensas pneum\u00e1ticas, t\u00e9rmicas, secadores de tinta e mesas de impress\u00e3o de alta performance, garantindo efici\u00eancia e durabilidade para suas produ\u00e7\u00f5es.\",\"publisher\":{\"@id\":\"https:\/\/yguacumaquinas.com.br\/#organization\"},\"potentialAction\":[{\"@type\":\"SearchAction\",\"target\":{\"@type\":\"EntryPoint\",\"urlTemplate\":\"https:\/\/yguacumaquinas.com.br\/?s={search_term_string}\"},\"query-input\":{\"@type\":\"PropertyValueSpecification\",\"valueRequired\":true,\"valueName\":\"search_term_string\"}}],\"inLanguage\":\"en-US\"},{\"@type\":\"Organization\",\"@id\":\"https:\/\/yguacumaquinas.com.br\/#organization\",\"name\":\"Ygua\u00e7u M\u00e1quinas\",\"alternateName\":\"https:\/\/yguacumaquinas.com.br\/todos-produtos\/\",\"url\":\"https:\/\/yguacumaquinas.com.br\/\",\"logo\":{\"@type\":\"ImageObject\",\"inLanguage\":\"en-US\",\"@id\":\"https:\/\/yguacumaquinas.com.br\/#\/schema\/logo\/image\/\",\"url\":\"https:\/\/yguacumaquinas.com.br\/wp-content\/uploads\/2024\/05\/Logo-Yguacu-site.webp\",\"contentUrl\":\"https:\/\/yguacumaquinas.com.br\/wp-content\/uploads\/2024\/05\/Logo-Yguacu-site.webp\",\"width\":208,\"height\":102,\"caption\":\"Ygua\u00e7u M\u00e1quinas\"},\"image\":{\"@id\":\"https:\/\/yguacumaquinas.com.br\/#\/schema\/logo\/image\/\"},\"sameAs\":[\"https:\/\/www.facebook.com\/Yguacu\"]},{\"@type\":\"Person\",\"@id\":\"https:\/\/yguacumaquinas.com.br\/#\/schema\/person\/6dde9e58ad22b31dbbce021eed789613\",\"name\":\"Paulo Mello\",\"image\":{\"@type\":\"ImageObject\",\"inLanguage\":\"en-US\",\"@id\":\"https:\/\/yguacumaquinas.com.br\/#\/schema\/person\/image\/\",\"url\":\"https:\/\/yguacumaquinas.com.br\/wp-content\/litespeed\/avatar\/f8f3f7d4fbeacde3f8f0b4e569e67558.jpg?ver=1777297233\",\"contentUrl\":\"https:\/\/yguacumaquinas.com.br\/wp-content\/litespeed\/avatar\/f8f3f7d4fbeacde3f8f0b4e569e67558.jpg?ver=1777297233\",\"caption\":\"Paulo Mello\"},\"url\":\"https:\/\/yguacumaquinas.com.br\/en\/author\/paulo-mello\/\"}]}<\/script>\n<!-- \/ Yoast SEO plugin. -->","yoast_head_json":{"title":"Ygua\u00e7\u00fa M\u00e1quinas na Maquintex 2025 - Ygua\u00e7u M\u00e1quinas","robots":{"index":"index","follow":"follow","max-snippet":"max-snippet:-1","max-image-preview":"max-image-preview:large","max-video-preview":"max-video-preview:-1"},"canonical":"https:\/\/yguacumaquinas.com.br\/en\/yguacu-maquinas-na-maquintex-2025\/","og_locale":"en_US","og_type":"article","og_title":"Ygua\u00e7\u00fa M\u00e1quinas na Maquintex 2025 - Ygua\u00e7u M\u00e1quinas","og_description":"Ygua\u00e7\u00fa M\u00e1quinas na Maquintex 2025: feira superou expectativas e equipamentos esgotaram no 2\u00ba dia Na Maquintex 2025, a Ygua\u00e7\u00fa M\u00e1quinas superou todas as expectativas. Confira como foi nossa participa\u00e7\u00e3o e os resultados alcan\u00e7ados no maior evento t\u00eaxtil do Nordeste. Ygua\u00e7\u00fa M\u00e1quinas brilhou na Maquintex 2025 A Ygua\u00e7\u00fa M\u00e1quinas esteve presente na Maquintex 2025, realizada de [&hellip;]","og_url":"https:\/\/yguacumaquinas.com.br\/en\/yguacu-maquinas-na-maquintex-2025\/","og_site_name":"Ygua\u00e7u M\u00e1quinas","article_publisher":"https:\/\/www.facebook.com\/Yguacu","article_published_time":"2025-10-16T19:25:57+00:00","article_modified_time":"2025-10-16T19:39:52+00:00","og_image":[{"width":1920,"height":1080,"url":"https:\/\/yguacumaquinas.com.br\/wp-content\/uploads\/2025\/10\/Banner-Tablet-Maquintex-2025.webp","type":"image\/webp"}],"author":"Paulo Mello","twitter_card":"summary_large_image","twitter_misc":{"Written by":"Paulo Mello","Est. reading time":"3 minutes"},"schema":{"@context":"https:\/\/schema.org","@graph":[{"@type":"Article","@id":"https:\/\/yguacumaquinas.com.br\/yguacu-maquinas-na-maquintex-2025\/#article","isPartOf":{"@id":"https:\/\/yguacumaquinas.com.br\/yguacu-maquinas-na-maquintex-2025\/"},"author":{"name":"Paulo Mello","@id":"https:\/\/yguacumaquinas.com.br\/#\/schema\/person\/6dde9e58ad22b31dbbce021eed789613"},"headline":"Ygua\u00e7\u00fa M\u00e1quinas na Maquintex 2025","datePublished":"2025-10-16T19:25:57+00:00","dateModified":"2025-10-16T19:39:52+00:00","mainEntityOfPage":{"@id":"https:\/\/yguacumaquinas.com.br\/yguacu-maquinas-na-maquintex-2025\/"},"wordCount":547,"publisher":{"@id":"https:\/\/yguacumaquinas.com.br\/#organization"},"image":{"@id":"https:\/\/yguacumaquinas.com.br\/yguacu-maquinas-na-maquintex-2025\/#primaryimage"},"thumbnailUrl":"https:\/\/yguacumaquinas.com.br\/wp-content\/uploads\/2025\/10\/Banner-Tablet-Maquintex-2025.webp","articleSection":["eventos"],"inLanguage":"en-US"},{"@type":"WebPage","@id":"https:\/\/yguacumaquinas.com.br\/yguacu-maquinas-na-maquintex-2025\/","url":"https:\/\/yguacumaquinas.com.br\/yguacu-maquinas-na-maquintex-2025\/","name":"Ygua\u00e7\u00fa M\u00e1quinas na Maquintex 2025 - Ygua\u00e7u M\u00e1quinas","isPartOf":{"@id":"https:\/\/yguacumaquinas.com.br\/#website"},"primaryImageOfPage":{"@id":"https:\/\/yguacumaquinas.com.br\/yguacu-maquinas-na-maquintex-2025\/#primaryimage"},"image":{"@id":"https:\/\/yguacumaquinas.com.br\/yguacu-maquinas-na-maquintex-2025\/#primaryimage"},"thumbnailUrl":"https:\/\/yguacumaquinas.com.br\/wp-content\/uploads\/2025\/10\/Banner-Tablet-Maquintex-2025.webp","datePublished":"2025-10-16T19:25:57+00:00","dateModified":"2025-10-16T19:39:52+00:00","breadcrumb":{"@id":"https:\/\/yguacumaquinas.com.br\/yguacu-maquinas-na-maquintex-2025\/#breadcrumb"},"inLanguage":"en-US","potentialAction":[{"@type":"ReadAction","target":["https:\/\/yguacumaquinas.com.br\/yguacu-maquinas-na-maquintex-2025\/"]}]},{"@type":"ImageObject","inLanguage":"en-US","@id":"https:\/\/yguacumaquinas.com.br\/yguacu-maquinas-na-maquintex-2025\/#primaryimage","url":"https:\/\/yguacumaquinas.com.br\/wp-content\/uploads\/2025\/10\/Banner-Tablet-Maquintex-2025.webp","contentUrl":"https:\/\/yguacumaquinas.com.br\/wp-content\/uploads\/2025\/10\/Banner-Tablet-Maquintex-2025.webp","width":1920,"height":1080},{"@type":"BreadcrumbList","@id":"https:\/\/yguacumaquinas.com.br\/yguacu-maquinas-na-maquintex-2025\/#breadcrumb","itemListElement":[{"@type":"ListItem","position":1,"name":"In\u00edcio","item":"https:\/\/yguacumaquinas.com.br\/"},{"@type":"ListItem","position":2,"name":"Ygua\u00e7\u00fa M\u00e1quinas na Maquintex 2025"}]},{"@type":"WebSite","@id":"https:\/\/yguacumaquinas.com.br\/#website","url":"https:\/\/yguacumaquinas.com.br\/","name":"Ygua\u00e7u M\u00e1quinas","description":"Ygua\u00e7u M\u00e1quinas - Inova\u00e7\u00e3o e Qualidade em Equipamentos para Serigrafia e Impress\u00e3o. Com mais de 30 anos de experi\u00eancia, oferecemos prensas pneum\u00e1ticas, t\u00e9rmicas, secadores de tinta e mesas de impress\u00e3o de alta performance, garantindo efici\u00eancia e durabilidade para suas produ\u00e7\u00f5es.","publisher":{"@id":"https:\/\/yguacumaquinas.com.br\/#organization"},"potentialAction":[{"@type":"SearchAction","target":{"@type":"EntryPoint","urlTemplate":"https:\/\/yguacumaquinas.com.br\/?s={search_term_string}"},"query-input":{"@type":"PropertyValueSpecification","valueRequired":true,"valueName":"search_term_string"}}],"inLanguage":"en-US"},{"@type":"Organization","@id":"https:\/\/yguacumaquinas.com.br\/#organization","name":"Ygua\u00e7u M\u00e1quinas","alternateName":"https:\/\/yguacumaquinas.com.br\/todos-produtos\/","url":"https:\/\/yguacumaquinas.com.br\/","logo":{"@type":"ImageObject","inLanguage":"en-US","@id":"https:\/\/yguacumaquinas.com.br\/#\/schema\/logo\/image\/","url":"https:\/\/yguacumaquinas.com.br\/wp-content\/uploads\/2024\/05\/Logo-Yguacu-site.webp","contentUrl":"https:\/\/yguacumaquinas.com.br\/wp-content\/uploads\/2024\/05\/Logo-Yguacu-site.webp","width":208,"height":102,"caption":"Ygua\u00e7u M\u00e1quinas"},"image":{"@id":"https:\/\/yguacumaquinas.com.br\/#\/schema\/logo\/image\/"},"sameAs":["https:\/\/www.facebook.com\/Yguacu"]},{"@type":"Person","@id":"https:\/\/yguacumaquinas.com.br\/#\/schema\/person\/6dde9e58ad22b31dbbce021eed789613","name":"Paulo Mello","image":{"@type":"ImageObject","inLanguage":"en-US","@id":"https:\/\/yguacumaquinas.com.br\/#\/schema\/person\/image\/","url":"https:\/\/yguacumaquinas.com.br\/wp-content\/litespeed\/avatar\/f8f3f7d4fbeacde3f8f0b4e569e67558.jpg?ver=1777297233","contentUrl":"https:\/\/yguacumaquinas.com.br\/wp-content\/litespeed\/avatar\/f8f3f7d4fbeacde3f8f0b4e569e67558.jpg?ver=1777297233","caption":"Paulo Mello"},"url":"https:\/\/yguacumaquinas.com.br\/en\/author\/paulo-mello\/"}]}},"_links":{"self":[{"href":"https:\/\/yguacumaquinas.com.br\/en\/wp-json\/wp\/v2\/posts\/14893","targetHints":{"allow":["GET"]}}],"collection":[{"href":"https:\/\/yguacumaquinas.com.br\/en\/wp-json\/wp\/v2\/posts"}],"about":[{"href":"https:\/\/yguacumaquinas.com.br\/en\/wp-json\/wp\/v2\/types\/post"}],"author":[{"embeddable":true,"href":"https:\/\/yguacumaquinas.com.br\/en\/wp-json\/wp\/v2\/users\/6"}],"replies":[{"embeddable":true,"href":"https:\/\/yguacumaquinas.com.br\/en\/wp-json\/wp\/v2\/comments?post=14893"}],"version-history":[{"count":76,"href":"https:\/\/yguacumaquinas.com.br\/en\/wp-json\/wp\/v2\/posts\/14893\/revisions"}],"predecessor-version":[{"id":14976,"href":"https:\/\/yguacumaquinas.com.br\/en\/wp-json\/wp\/v2\/posts\/14893\/revisions\/14976"}],"wp:featuredmedia":[{"embeddable":true,"href":"https:\/\/yguacumaquinas.com.br\/en\/wp-json\/wp\/v2\/media\/14895"}],"wp:attachment":[{"href":"https:\/\/yguacumaquinas.com.br\/en\/wp-json\/wp\/v2\/media?parent=14893"}],"wp:term":[{"taxonomy":"category","embeddable":true,"href":"https:\/\/yguacumaquinas.com.br\/en\/wp-json\/wp\/v2\/categories?post=14893"},{"taxonomy":"post_tag","embeddable":true,"href":"https:\/\/yguacumaquinas.com.br\/en\/wp-json\/wp\/v2\/tags?post=14893"}],"curies":[{"name":"wp","href":"https:\/\/api.w.org\/{rel}","templated":true}]}}